{"id":4968,"date":"2009-12-26T12:20:25","date_gmt":"2009-12-26T10:20:25","guid":{"rendered":"http:\/\/www.syenlap.dk\/?p=4968"},"modified":"2009-12-26T12:20:25","modified_gmt":"2009-12-26T10:20:25","slug":"hyggelige-juledage","status":"publish","type":"post","link":"http:\/\/www.syenlap.dk\/?p=4968","title":{"rendered":"Hyggelige juledage"},"content":{"rendered":"<p>Juleaften og juledag havde sin egen oplevelse, idet jeg sammen med familien deltog i gudstjenester i Christianskirken i Fredericia..<\/p>\n<p><a href=\"http:\/\/www.syenlap.dk\/wp-content\/uploads\/2009\/12\/mosaik.jpg\" rel=\"lightbox[4968]\"><\/a><\/p>\n<p><a href=\"http:\/\/www.syenlap.dk\/wp-content\/uploads\/2009\/12\/glasmosaik.jpg\" rel=\"lightbox[4968]\"><img loading=\"lazy\" decoding=\"async\" class=\"aligncenter size-full wp-image-4985\" title=\"glasmosaik\" src=\"http:\/\/www.syenlap.dk\/wp-content\/uploads\/2009\/12\/glasmosaik.jpg\" alt=\"\" width=\"500\" height=\"375\" \/><\/a><\/p>\n<p>..med Bj\u00f8rn N\u00f8rgaards fantastiske glasmosaikker..<\/p>\n<p><a href=\"http:\/\/www.syenlap.dk\/wp-content\/uploads\/2009\/12\/altertavle.jpg\" rel=\"lightbox[4968]\"><\/a><\/p>\n<p><a href=\"http:\/\/www.syenlap.dk\/wp-content\/uploads\/2009\/12\/altertavle1.jpg\" rel=\"lightbox[4968]\"><img loading=\"lazy\" decoding=\"async\" class=\"aligncenter size-full wp-image-4986\" title=\"altertavle\" src=\"http:\/\/www.syenlap.dk\/wp-content\/uploads\/2009\/12\/altertavle1.jpg\" alt=\"\" width=\"500\" height=\"296\" \/><\/a><\/p>\n<p>.. og altertavle og meget specielle lysestager, som er helt fantastiske at studere.<\/p>\n<p>Det er en meget stor oplevelse bare at sidde og se p\u00e5 dem, og da vi var i god tid for at f\u00e5 en god plads i den propfulde kirke, kunne vi studere alle detaljerne.<\/p>\n<p><img loading=\"lazy\" decoding=\"async\" title=\"kirke\" src=\"http:\/\/www.syenlap.dk\/wp-content\/uploads\/2009\/12\/kirke.jpg\" alt=\"\" width=\"505\" height=\"500\" \/><\/p>\n<p>Frederik, \u00e6ldste barnebarn, synger i drenge- og mandskoret, som er fantastisk dygtigt og synger pragtfuldt, ikke mindst n\u00e5r de er fuldtallige, som de var juleaften. S\u00e5 synger de nogle meget smukke korsvar og specielle korv\u00e6rker. Juledag var de ikke fuldtallige i sopranerne, hvor Frederik kun var 1 af 3, der var m\u00f8dt, s\u00e5 der var et v\u00e6rk, der ikke blev opf\u00f8rt. Men jeg n\u00f8d alligevel b\u00e5de korsangen, som man ikke m\u00f8der lignende i ret mange kirker, samt de 2 meget forskellige pr\u00e6sters pr\u00e6dikener, som hver for sig var meget f\u00e6ngende og gav gode ord at t\u00e6nke over p\u00e5 en dejlig jordbunden m\u00e5de.<\/p>\n<p><a href=\"http:\/\/www.syenlap.dk\/wp-content\/uploads\/2009\/12\/trae.jpg\" rel=\"lightbox[4968]\"><img loading=\"lazy\" decoding=\"async\" class=\"aligncenter size-full wp-image-4972\" title=\"trae\" src=\"http:\/\/www.syenlap.dk\/wp-content\/uploads\/2009\/12\/trae.jpg\" alt=\"\" width=\"498\" height=\"768\" \/><\/a><\/p>\n<p>Datteren havde pyntet et meget smukt tr\u00e6, og det bugnede jo med pakker!<\/p>\n<p>2 flotte \u00e6nder var velstegte, s\u00e5 vi n\u00f8d middagen i ro og fred, nu er drengene s\u00e5 store, at de godt kan vente p\u00e5 juletr\u00e6 og gaver. Og i vores familie danser vi ogs\u00e5 om tr\u00e6et og v\u00e6lger alle en salme eller sang.<\/p>\n<p><a href=\"http:\/\/www.syenlap.dk\/wp-content\/uploads\/2009\/12\/gaver1.jpg\" rel=\"lightbox[4968]\"><\/a><\/p>\n<p><a href=\"http:\/\/www.syenlap.dk\/wp-content\/uploads\/2009\/12\/gaver2.jpg\" rel=\"lightbox[4968]\"><img loading=\"lazy\" decoding=\"async\" class=\"aligncenter size-full wp-image-4984\" title=\"gaver\" src=\"http:\/\/www.syenlap.dk\/wp-content\/uploads\/2009\/12\/gaver2.jpg\" alt=\"\" width=\"500\" height=\"465\" \/><\/a>Gaveuddelingen tager lang tid, for alle skal se hver enkelt gave, f\u00f8r en ny deles ud. Yngstemanden Ebbe fik masser af LEGO,<\/p>\n<p><a href=\"http:\/\/www.syenlap.dk\/wp-content\/uploads\/2009\/12\/quilt.jpg\" rel=\"lightbox[4968]\"><img loading=\"lazy\" decoding=\"async\" class=\"aligncenter size-full wp-image-4974\" title=\"quilt\" src=\"http:\/\/www.syenlap.dk\/wp-content\/uploads\/2009\/12\/quilt.jpg\" alt=\"\" width=\"500\" height=\"599\" \/><\/a><\/p>\n<p>.. og datteren fik det f\u00f8rste, det er lykkedes mig at gennemf\u00f8re af patchwork i meget lang tid &#8211; dog kun &#8220;toppen&#8221; af den quilt, hun har \u00f8nsket sig. Den er <a href=\"http:\/\/www.kludekoner.dk\/forside.php?ssprog=dansk&amp;&amp;vispic=3432\" target=\"_blank\">&#8220;makker&#8221; til svigers\u00f8nnens<\/a>, men med mere pink i. Jeg kunne ikke n\u00e5 at montere den, men jeg er meget glad for, at jeg &#8220;har f\u00e5et hul&#8221; p\u00e5 at sy igen, og den skal snart blive f\u00e6rdig efter jul. Og heldigvis syntes hun, at den er, som hun \u00f8nskede den og var glad for den &#8211; hun kender jo ogs\u00e5 de &#8220;problemer&#8221; jeg har haft.<\/p>\n<p>Transporten til Fredericia, som jeg havde v\u00e6ret nerv\u00f8s for med al den sne, vi har f\u00e5et, gik helt smertefrit, og jeg samlede kusinerne op i Vejle uden problemer. Det har v\u00e6ret en dejlig oplevelse at v\u00e6re sammen med &#8220;b\u00f8rnene&#8221; og b\u00f8rneb\u00f8rnene, men den st\u00f8rste oplevelse, synes vi 3 &#8220;gamle&#8221; nok, var Christians kirken og koret! Det var S\u00c5 smukt.<\/p>\n","protected":false},"excerpt":{"rendered":"<p>Juleaften og juledag havde sin egen oplevelse, idet jeg sammen med familien deltog i gudstjenester i Christianskirken i Fredericia.. ..med Bj\u00f8rn N\u00f8rgaards fantastiske glasmosaikker.. .. og altertavle og meget specielle lysestager, som er helt fantastiske at studere. Det er en &hellip; <a href=\"http:\/\/www.syenlap.dk\/?p=4968\">L\u00e6s resten <span class=\"meta-nav\">&rarr;<\/span><\/a><\/p>\n","protected":false},"author":2,"featured_media":0,"comment_status":"open","ping_status":"open","sticky":false,"template":"","format":"standard","meta":{"footnotes":""},"categories":[5,12,15],"tags":[],"class_list":["post-4968","post","type-post","status-publish","format-standard","hentry","category-familien","category-oplevelser","category-patchwork"],"_links":{"self":[{"href":"http:\/\/www.syenlap.dk\/index.php?rest_route=\/wp\/v2\/posts\/4968","targetHints":{"allow":["GET"]}}],"collection":[{"href":"http:\/\/www.syenlap.dk\/index.php?rest_route=\/wp\/v2\/posts"}],"about":[{"href":"http:\/\/www.syenlap.dk\/index.php?rest_route=\/wp\/v2\/types\/post"}],"author":[{"embeddable":true,"href":"http:\/\/www.syenlap.dk\/index.php?rest_route=\/wp\/v2\/users\/2"}],"replies":[{"embeddable":true,"href":"http:\/\/www.syenlap.dk\/index.php?rest_route=%2Fwp%2Fv2%2Fcomments&post=4968"}],"version-history":[{"count":0,"href":"http:\/\/www.syenlap.dk\/index.php?rest_route=\/wp\/v2\/posts\/4968\/revisions"}],"wp:attachment":[{"href":"http:\/\/www.syenlap.dk\/index.php?rest_route=%2Fwp%2Fv2%2Fmedia&parent=4968"}],"wp:term":[{"taxonomy":"category","embeddable":true,"href":"http:\/\/www.syenlap.dk\/index.php?rest_route=%2Fwp%2Fv2%2Fcategories&post=4968"},{"taxonomy":"post_tag","embeddable":true,"href":"http:\/\/www.syenlap.dk\/index.php?rest_route=%2Fwp%2Fv2%2Ftags&post=4968"}],"curies":[{"name":"wp","href":"https:\/\/api.w.org\/{rel}","templated":true}]}}