{"id":5018,"date":"2009-12-28T21:10:34","date_gmt":"2009-12-28T19:10:34","guid":{"rendered":"http:\/\/www.syenlap.dk\/?p=5018"},"modified":"2009-12-28T21:10:34","modified_gmt":"2009-12-28T19:10:34","slug":"t%c3%a6nkepause","status":"publish","type":"post","link":"http:\/\/www.syenlap.dk\/?p=5018","title":{"rendered":"T\u00e6nkepause"},"content":{"rendered":"<p>En lille t\u00e6nkepause tog vi i dag &#8211; yngstes\u00f8nnen, svigerdatteren og jeg &#8211; p\u00e5 kirkeg\u00e5rden, hvor vi ved selvsyn kunne se S\u00f8rens gravsten og placeringen p\u00e5 for\u00e6ldrenes gravsted. Det giver ro.<\/p>\n<p><a href=\"http:\/\/www.syenlap.dk\/wp-content\/uploads\/2009\/12\/gravsted-281209.jpg\" rel=\"lightbox[5018]\"><img loading=\"lazy\" decoding=\"async\" class=\"aligncenter size-full wp-image-5019\" title=\"gravsted 281209\" src=\"http:\/\/www.syenlap.dk\/wp-content\/uploads\/2009\/12\/gravsted-281209.jpg\" alt=\"\" width=\"500\" height=\"375\" \/><\/a><\/p>\n<p>Det var en ualmindelig smuk dag med bl\u00e5 himmel og str\u00e5lende vintersol! Sneen l\u00e5 stadig over det meste af kirkeg\u00e5rden, stierne var spejlglatte, og der var lagt flere hilsner til S\u00f8ren.<\/p>\n<p><a href=\"http:\/\/www.syenlap.dk\/wp-content\/uploads\/2009\/12\/gravsted-281209-detail.jpg\" rel=\"lightbox[5018]\"><img loading=\"lazy\" decoding=\"async\" class=\"aligncenter size-full wp-image-5020\" title=\"gravsted 281209 detail\" src=\"http:\/\/www.syenlap.dk\/wp-content\/uploads\/2009\/12\/gravsted-281209-detail.jpg\" alt=\"\" width=\"500\" height=\"380\" \/><\/a><\/p>\n<p>Vi brugte lidt tid p\u00e5 at nusse om stedet, pille visne blomster af de f\u00f8rste kranse og glatte vores egne fodaftryk ud i sneen, s\u00e5 det s\u00e5 p\u00e6nt ud igen.<\/p>\n<p>Vi tillod os at savne. Men blev ogs\u00e5 enige om, at vi stadig synes, det var godt, at S\u00f8ren ikke skulle have det h\u00e5rdede, end det var, og at det blev en god afslutning for b\u00e5de ham og os.<\/p>\n<p>Og s\u00e5 spiste vi lidt frokost p\u00e5 den caf\u00e9, hvor S\u00f8ren og jeg flere gange har spist en pariserb\u00f8f el. et stjerneskud!<\/p>\n<p>Det blev en hel udflugt, idet vi efter aftale ogs\u00e5 bes\u00f8gte HANNE&#8217;s patchworkbutik, selv om hun har julelukket. Svigerdatteren er jo ogs\u00e5 begyndt at sy patchwork og manglede lidt! Og jeg skulle have bagsidestof til datterens t\u00e6ppe. S\u00e5 Hanne gav en kop kaffe, og s\u00e5 fik vi handlet, det var fint at have tid til lidt snak, n\u00e5r hun nu havde tid! Og selvf\u00f8lgelig blev vi ogs\u00e5 inspireret til nye ting at sy, f.eks. disse flotte d\u00e6kkeservietter p\u00e5 Hannes eget bord:<\/p>\n<p><a href=\"http:\/\/www.syenlap.dk\/wp-content\/uploads\/2009\/12\/hannes-d\u00e6kkeservietter-2.jpg\" rel=\"lightbox[5018]\"><img loading=\"lazy\" decoding=\"async\" class=\"aligncenter size-full wp-image-5021\" title=\"hannes d\u00e6kkeservietter 2\" src=\"http:\/\/www.syenlap.dk\/wp-content\/uploads\/2009\/12\/hannes-d\u00e6kkeservietter-2.jpg\" alt=\"\" width=\"500\" height=\"633\" \/><\/a><\/p>\n<p>Jeg tror, jeg kan sy samme model i disse stoffer:<\/p>\n<p><a href=\"http:\/\/www.syenlap.dk\/wp-content\/uploads\/2009\/12\/stof.jpg\" rel=\"lightbox[5018]\"><img loading=\"lazy\" decoding=\"async\" class=\"aligncenter size-full wp-image-5022\" title=\"stof\" src=\"http:\/\/www.syenlap.dk\/wp-content\/uploads\/2009\/12\/stof.jpg\" alt=\"\" width=\"500\" height=\"608\" \/><\/a><\/p>\n","protected":false},"excerpt":{"rendered":"<p>En lille t\u00e6nkepause tog vi i dag &#8211; yngstes\u00f8nnen, svigerdatteren og jeg &#8211; p\u00e5 kirkeg\u00e5rden, hvor vi ved selvsyn kunne se S\u00f8rens gravsten og placeringen p\u00e5 for\u00e6ldrenes gravsted. Det giver ro. Det var en ualmindelig smuk dag med bl\u00e5 himmel &hellip; <a href=\"http:\/\/www.syenlap.dk\/?p=5018\">L\u00e6s resten <span class=\"meta-nav\">&rarr;<\/span><\/a><\/p>\n","protected":false},"author":2,"featured_media":0,"comment_status":"open","ping_status":"open","sticky":false,"template":"","format":"standard","meta":{"footnotes":""},"categories":[5,7,15],"tags":[],"class_list":["post-5018","post","type-post","status-publish","format-standard","hentry","category-familien","category-glder-og-sorger","category-patchwork"],"_links":{"self":[{"href":"http:\/\/www.syenlap.dk\/index.php?rest_route=\/wp\/v2\/posts\/5018","targetHints":{"allow":["GET"]}}],"collection":[{"href":"http:\/\/www.syenlap.dk\/index.php?rest_route=\/wp\/v2\/posts"}],"about":[{"href":"http:\/\/www.syenlap.dk\/index.php?rest_route=\/wp\/v2\/types\/post"}],"author":[{"embeddable":true,"href":"http:\/\/www.syenlap.dk\/index.php?rest_route=\/wp\/v2\/users\/2"}],"replies":[{"embeddable":true,"href":"http:\/\/www.syenlap.dk\/index.php?rest_route=%2Fwp%2Fv2%2Fcomments&post=5018"}],"version-history":[{"count":0,"href":"http:\/\/www.syenlap.dk\/index.php?rest_route=\/wp\/v2\/posts\/5018\/revisions"}],"wp:attachment":[{"href":"http:\/\/www.syenlap.dk\/index.php?rest_route=%2Fwp%2Fv2%2Fmedia&parent=5018"}],"wp:term":[{"taxonomy":"category","embeddable":true,"href":"http:\/\/www.syenlap.dk\/index.php?rest_route=%2Fwp%2Fv2%2Fcategories&post=5018"},{"taxonomy":"post_tag","embeddable":true,"href":"http:\/\/www.syenlap.dk\/index.php?rest_route=%2Fwp%2Fv2%2Ftags&post=5018"}],"curies":[{"name":"wp","href":"https:\/\/api.w.org\/{rel}","templated":true}]}}