{"id":5026,"date":"2009-12-29T19:31:06","date_gmt":"2009-12-29T17:31:06","guid":{"rendered":"http:\/\/www.syenlap.dk\/?p=5026"},"modified":"2009-12-29T19:31:06","modified_gmt":"2009-12-29T17:31:06","slug":"nu-er-vi-tr%c3%a6tte","status":"publish","type":"post","link":"http:\/\/www.syenlap.dk\/?p=5026","title":{"rendered":"Nu er vi tr\u00e6tte"},"content":{"rendered":"<p>Nu er vi alene igen, Whisky og jeg &#8211; og tr\u00e6tte! Efter en dejlig jul med alle b\u00f8rn og b\u00f8rneb\u00f8rn, og Whisky har ogs\u00e5 haft bes\u00f8g<\/p>\n<p><a href=\"http:\/\/www.syenlap.dk\/wp-content\/uploads\/2009\/12\/c\u00e6zar.jpg\" rel=\"lightbox[5026]\"><img loading=\"lazy\" decoding=\"async\" class=\"alignleft size-full wp-image-5027\" title=\"c\u00e6zar\" src=\"http:\/\/www.syenlap.dk\/wp-content\/uploads\/2009\/12\/c\u00e6zar.jpg\" alt=\"\" width=\"350\" height=\"278\" \/><\/a>Yngstes\u00f8nnens halel\u00f8se (f\u00f8dt halel\u00f8s, ikke kuperet) rottweiler C\u00e6zar, som er en virkelig dejlig og velopdragen hund har v\u00e6ret i &#8220;vores&#8221; pension, hvor Whisky var i julen, og han blev hentet lidt f\u00f8r, de k\u00f8rte hjemad mod hovedstaden i dag.<\/p>\n<p><a href=\"http:\/\/www.syenlap.dk\/wp-content\/uploads\/2009\/12\/hunde.jpg\" rel=\"lightbox[5026]\"><img loading=\"lazy\" decoding=\"async\" class=\"alignright size-full wp-image-5028\" title=\"hunde\" src=\"http:\/\/www.syenlap.dk\/wp-content\/uploads\/2009\/12\/hunde.jpg\" alt=\"\" width=\"350\" height=\"339\" \/><\/a><\/p>\n<p>De 2 hunde er meget j\u00e6vnbyrdige og fredelige begge 2, men Whisky er for ivrig og voldsom i sin lyst til at lege og til at markere, at han bor her, og s\u00e5 gider C\u00e6zar ikke. Hvis de var sammen lidt l\u00e6ngere tid, ville det sikkert g\u00e5 bedre, men C\u00e6zar var ogs\u00e5 tr\u00e6t efter et par dage i pension.<\/p>\n<p><a href=\"http:\/\/www.syenlap.dk\/wp-content\/uploads\/2009\/12\/whisky-i-sneen.jpg\" rel=\"lightbox[5026]\"><img loading=\"lazy\" decoding=\"async\" class=\"aligncenter size-full wp-image-5029\" title=\"whisky i sneen\" src=\"http:\/\/www.syenlap.dk\/wp-content\/uploads\/2009\/12\/whisky-i-sneen.jpg\" alt=\"\" width=\"500\" height=\"548\" \/><\/a><\/p>\n<p>Da de var k\u00f8rt, var Whisky som s\u00e6dvanligt ked af det! Han l\u00e6nges efter familien, n\u00e5r de tager hjem til sig selv. S\u00e5 da jeg havde ryddet lidt op, gik vi en tur i sneen! Vi har stadig meget sne, og desv\u00e6rre er det MEGET og lumsk glat visse steder, hvor smeltevandet fra i g\u00e5r er frosset under det tynde lag nysne, s\u00e5 jeg er temmelig nerv\u00f8s for at falde. Whisky er ogs\u00e5 &#8220;Bambi p\u00e5 glatis&#8221; nogle gange, men han har 4 ben at g\u00e5 p\u00e5!<\/p>\n<p>Afslapning, aviser (som jeg ikke har haft tid at l\u00e6se i juledagene) og julekort har st\u00e5et p\u00e5 det stille program i eftermiddag..<\/p>\n<p><a href=\"http:\/\/www.syenlap.dk\/wp-content\/uploads\/2009\/12\/julekort1.jpg\" rel=\"lightbox[5026]\"><img loading=\"lazy\" decoding=\"async\" class=\"aligncenter size-full wp-image-5030\" title=\"julekort\" src=\"http:\/\/www.syenlap.dk\/wp-content\/uploads\/2009\/12\/julekort1.jpg\" alt=\"\" width=\"500\" height=\"359\" \/><\/a><\/p>\n<p>.. en ny portion &#8220;julefranskbr\u00f8d&#8221; &#8211; de g\u00e5r som varmt br\u00f8d bogstavelig talt &#8211; og s\u00e5 n\u00e5ede jeg lige at se lidt af Christel Seyfarth programmet p\u00e5 DK4.<\/p>\n<p>Jeg tror sofaen og strikket\u00f8jet kalder i aften!<\/p>\n","protected":false},"excerpt":{"rendered":"<p>Nu er vi alene igen, Whisky og jeg &#8211; og tr\u00e6tte! Efter en dejlig jul med alle b\u00f8rn og b\u00f8rneb\u00f8rn, og Whisky har ogs\u00e5 haft bes\u00f8g Yngstes\u00f8nnens halel\u00f8se (f\u00f8dt halel\u00f8s, ikke kuperet) rottweiler C\u00e6zar, som er en virkelig dejlig og &hellip; <a href=\"http:\/\/www.syenlap.dk\/?p=5026\">L\u00e6s resten <span class=\"meta-nav\">&rarr;<\/span><\/a><\/p>\n","protected":false},"author":2,"featured_media":0,"comment_status":"open","ping_status":"open","sticky":false,"template":"","format":"standard","meta":{"footnotes":""},"categories":[3,4,5,11],"tags":[],"class_list":["post-5026","post","type-post","status-publish","format-standard","hentry","category-dagligdagen","category-dyr","category-familien","category-natur"],"_links":{"self":[{"href":"http:\/\/www.syenlap.dk\/index.php?rest_route=\/wp\/v2\/posts\/5026","targetHints":{"allow":["GET"]}}],"collection":[{"href":"http:\/\/www.syenlap.dk\/index.php?rest_route=\/wp\/v2\/posts"}],"about":[{"href":"http:\/\/www.syenlap.dk\/index.php?rest_route=\/wp\/v2\/types\/post"}],"author":[{"embeddable":true,"href":"http:\/\/www.syenlap.dk\/index.php?rest_route=\/wp\/v2\/users\/2"}],"replies":[{"embeddable":true,"href":"http:\/\/www.syenlap.dk\/index.php?rest_route=%2Fwp%2Fv2%2Fcomments&post=5026"}],"version-history":[{"count":0,"href":"http:\/\/www.syenlap.dk\/index.php?rest_route=\/wp\/v2\/posts\/5026\/revisions"}],"wp:attachment":[{"href":"http:\/\/www.syenlap.dk\/index.php?rest_route=%2Fwp%2Fv2%2Fmedia&parent=5026"}],"wp:term":[{"taxonomy":"category","embeddable":true,"href":"http:\/\/www.syenlap.dk\/index.php?rest_route=%2Fwp%2Fv2%2Fcategories&post=5026"},{"taxonomy":"post_tag","embeddable":true,"href":"http:\/\/www.syenlap.dk\/index.php?rest_route=%2Fwp%2Fv2%2Ftags&post=5026"}],"curies":[{"name":"wp","href":"https:\/\/api.w.org\/{rel}","templated":true}]}}