{"id":5050,"date":"2009-12-31T16:45:15","date_gmt":"2009-12-31T14:45:15","guid":{"rendered":"http:\/\/www.syenlap.dk\/?p=5050"},"modified":"2009-12-31T16:45:15","modified_gmt":"2009-12-31T14:45:15","slug":"godt-nytar-%c3%b8nsker-jeg-jer-allesammen","status":"publish","type":"post","link":"http:\/\/www.syenlap.dk\/?p=5050","title":{"rendered":"Godt Nyt\u00e5r \u00f8nsker jeg jer allesammen!"},"content":{"rendered":"<p>Tak for jeres opm\u00e6rksomhed og kommentarer og tr\u00f8stende ord i de sv\u00e6re tider! Det betyder mere, end I er klar over.<\/p>\n<p>Jeg er meget glad for at m\u00e6rke den sympati, der m\u00f8der mig, og at I ikke synes &#8220;det er for meget&#8221;, n\u00e5r jeg skriver om mine gl\u00e6der og m\u00e5ske is\u00e6r n\u00e5r jeg skriver om mine sorger.<\/p>\n<p>Jeg t\u00e6nker p\u00e5 S\u00f8ren mange gange hver eneste dag, og jeg savner ham!<\/p>\n<p>Men jeg t\u00e6nker hele tiden p\u00e5: &#8211;\u00a0at det var godt, vi havde s\u00e5 lang tid sammen\u00a0til at v\u00e6nne os til tanken &#8211;\u00a0at han kom hjem og ikke d\u00f8de p\u00e5 sygehuset, det var godt for b\u00e5de ham og mig &#8211;\u00a0og at det var godt, han ikke fik det v\u00e6rre!<\/p>\n<p>Jeg har et dejligt billede af ham, som hans barndomsven tog af ham for nogle \u00e5r siden, da vi bes\u00f8gte ham og hans kone i Provence. Det er s\u00e5dan, jeg gerne vil huske ham, det er s\u00e5 karakteristisk for ham, og jeg har f\u00e5et en kopi sat i ramme. Men nu har jeg f\u00e5et originalen sendt, og det skal laves rigtigt af en fotograf og indrammes, s\u00e5 jeg har det at kigge p\u00e5 hver dag!<\/p>\n<p><a href=\"http:\/\/www.syenlap.dk\/wp-content\/uploads\/2009\/12\/Soren01.jpg\" rel=\"lightbox[5050]\"><img loading=\"lazy\" decoding=\"async\" class=\"aligncenter size-full wp-image-5051\" title=\"Soren01\" src=\"http:\/\/www.syenlap.dk\/wp-content\/uploads\/2009\/12\/Soren01.jpg\" alt=\"\" width=\"500\" height=\"482\" \/><\/a><\/p>\n<p>Jeg tror ikke p\u00e5 okkulte oplevelser, men jeg har tit den fornemmelse, at S\u00f8ren er her, det er nok ikke s\u00e5 m\u00e6rkeligt efter alle disse \u00e5r, og det har jeg det ogs\u00e5 godt med!<\/p>\n<p>Jeg har nogle planer om at &#8220;udgive&#8221; min &#8220;Gr\u00f8nlandskr\u00f8nike&#8221; her p\u00e5 bloggen i det nye \u00e5r. Det var nogle sm\u00e5 artikler, jeg blev opfordret til at skrive til vores seniorblad &#8211; nej det var S\u00f8ren, der fik opfordringen, men han mente helt klart, at det var jeg bedre til! De havde stor interesse, fandt jeg ud af, og jeg fik mange kommentarer. Jeg vil nok skrive dem lidt om, eller skrive lidt mere til, og s\u00e5 s\u00e6tte nogle flere billeder p\u00e5. Men det kunne v\u00e6re meget sjovt, og det er m\u00e5ske det rigtige tidspunkt.<\/p>\n<p>Godt Nyt\u00e5r, vil jeg \u00f8nske for jer allesammen, p\u00e5 gensyn i 2010 og kom nu godt igennem aftenens strabadser! Whisky er heldigvis ikke bange for knaldene, han sk\u00e6lder bare ud, n\u00e5r der kommer nogle af de store! Og jeg vil hygge mig med naboerne og fors\u00f8ge at komme godt igennem aftenen.<\/p>\n<p><a href=\"http:\/\/www.syenlap.dk\/wp-content\/uploads\/2009\/12\/sol-ned.jpg\" rel=\"lightbox[5050]\"><img loading=\"lazy\" decoding=\"async\" class=\"aligncenter size-full wp-image-5055\" title=\"sol ned\" src=\"http:\/\/www.syenlap.dk\/wp-content\/uploads\/2009\/12\/sol-ned.jpg\" alt=\"\" width=\"500\" height=\"434\" \/><\/a><\/p>\n","protected":false},"excerpt":{"rendered":"<p>Tak for jeres opm\u00e6rksomhed og kommentarer og tr\u00f8stende ord i de sv\u00e6re tider! Det betyder mere, end I er klar over. Jeg er meget glad for at m\u00e6rke den sympati, der m\u00f8der mig, og at I ikke synes &#8220;det er &hellip; <a href=\"http:\/\/www.syenlap.dk\/?p=5050\">L\u00e6s resten <span class=\"meta-nav\">&rarr;<\/span><\/a><\/p>\n","protected":false},"author":2,"featured_media":0,"comment_status":"open","ping_status":"open","sticky":false,"template":"","format":"standard","meta":{"footnotes":""},"categories":[5,7],"tags":[],"class_list":["post-5050","post","type-post","status-publish","format-standard","hentry","category-familien","category-glder-og-sorger"],"_links":{"self":[{"href":"http:\/\/www.syenlap.dk\/index.php?rest_route=\/wp\/v2\/posts\/5050","targetHints":{"allow":["GET"]}}],"collection":[{"href":"http:\/\/www.syenlap.dk\/index.php?rest_route=\/wp\/v2\/posts"}],"about":[{"href":"http:\/\/www.syenlap.dk\/index.php?rest_route=\/wp\/v2\/types\/post"}],"author":[{"embeddable":true,"href":"http:\/\/www.syenlap.dk\/index.php?rest_route=\/wp\/v2\/users\/2"}],"replies":[{"embeddable":true,"href":"http:\/\/www.syenlap.dk\/index.php?rest_route=%2Fwp%2Fv2%2Fcomments&post=5050"}],"version-history":[{"count":0,"href":"http:\/\/www.syenlap.dk\/index.php?rest_route=\/wp\/v2\/posts\/5050\/revisions"}],"wp:attachment":[{"href":"http:\/\/www.syenlap.dk\/index.php?rest_route=%2Fwp%2Fv2%2Fmedia&parent=5050"}],"wp:term":[{"taxonomy":"category","embeddable":true,"href":"http:\/\/www.syenlap.dk\/index.php?rest_route=%2Fwp%2Fv2%2Fcategories&post=5050"},{"taxonomy":"post_tag","embeddable":true,"href":"http:\/\/www.syenlap.dk\/index.php?rest_route=%2Fwp%2Fv2%2Ftags&post=5050"}],"curies":[{"name":"wp","href":"https:\/\/api.w.org\/{rel}","templated":true}]}}