{"id":5106,"date":"2010-01-07T16:48:17","date_gmt":"2010-01-07T14:48:17","guid":{"rendered":"http:\/\/www.syenlap.dk\/?p=5106"},"modified":"2010-01-07T16:48:17","modified_gmt":"2010-01-07T14:48:17","slug":"nye-projekter","status":"publish","type":"post","link":"http:\/\/www.syenlap.dk\/?p=5106","title":{"rendered":"Nye projekter"},"content":{"rendered":"<p><a href=\"http:\/\/www.syenlap.dk\/wp-content\/uploads\/2010\/01\/bromb\u00e6rhue.jpg\" rel=\"lightbox[5106]\"><img loading=\"lazy\" decoding=\"async\" class=\"aligncenter size-full wp-image-5107\" title=\"bromb\u00e6rhue\" src=\"http:\/\/www.syenlap.dk\/wp-content\/uploads\/2010\/01\/bromb\u00e6rhue.jpg\" alt=\"\" width=\"500\" height=\"386\" \/><\/a><\/p>\n<p>I denne kolde tid ville jeg gerne have en ny hue, selv om den tykke naturgarns hue er uovertruffent varm, men m\u00e5ske ikke s\u00e5 fiks! Hm! det ved jeg s\u00e5 heller ikke, om denne &#8220;bromb\u00e6rhue&#8221; er! Men varm &#8211; det er den!<\/p>\n<p><a href=\"http:\/\/www.syenlap.dk\/wp-content\/uploads\/2010\/01\/bromb\u00e6rhue-p\u00e51.jpg\" rel=\"lightbox[5106]\"><img loading=\"lazy\" decoding=\"async\" class=\"aligncenter size-thumbnail wp-image-5109\" title=\"bromb\u00e6rhue p\u00e5\" src=\"http:\/\/www.syenlap.dk\/wp-content\/uploads\/2010\/01\/bromb\u00e6rhue-p\u00e51-150x150.jpg\" alt=\"\" width=\"150\" height=\"150\" \/><\/a><\/p>\n<p>&#8211; og s\u00e5 er det alts\u00e5 utroligt sv\u00e6rt at fotografere sig selv, skal jeg hilse og sige! Jeg tror, jeg har taget 20 billeder, og ingen af dem er gode &#8211; ja, nu er det b\u00e5de mig og s\u00e5 huen, der skal se ordentlig ud, og det kan jo v\u00e6re sv\u00e6rt!<\/p>\n<p>Den er strikket af 1 tr\u00e5d Patons Classic og 1 tr\u00e5d Alpakka Fashion, og det var sv\u00e6rt, fordi alpakken er ret uelastisk, s\u00e5 det var sv\u00e6rt at strikke bromb\u00e6rm\u00f8nsteret, der er fra <a href=\"http:\/\/www.garnstudio.com\/lang\/dk\/visoppskrift.php?d_nr=98&amp;d_id=14&amp;lang=dk\" target=\"_blank\">Garnstudio<\/a>. Jeg tror, jeg skal pr\u00f8ve i noget andet uldgarn, for jeg synes, huen er flot!\u00a0<\/p>\n<p>M\u00e5ske i dette fantastiske garn, som jeg lige har k\u00f8bt som nyt\u00e5rstilbud for <a href=\"http:\/\/www.markno.dk\/product.asp?product=16044\" target=\"_blank\">Markno&#8217;s<\/a> n\u00f8glekunder:<\/p>\n<p><a href=\"http:\/\/www.syenlap.dk\/wp-content\/uploads\/2010\/01\/filz-wolle.jpg\" rel=\"lightbox[5106]\"><img loading=\"lazy\" decoding=\"async\" class=\"aligncenter size-thumbnail wp-image-5112\" title=\"filz wolle\" src=\"http:\/\/www.syenlap.dk\/wp-content\/uploads\/2010\/01\/filz-wolle-150x150.jpg\" alt=\"\" width=\"150\" height=\"150\" \/><\/a>\u00a0Creativ + Filz &#8211; sikke nogle farver, og superbl\u00f8dt. Det var egentlig min tanke at lave noget valket af det, men en hue ville ogs\u00e5 v\u00e6re flot! M\u00e5ske en valket hue? &#8211; OG en valket taske! Planer er der nok af&#8230;<\/p>\n<p style=\"text-align: left;\"><a href=\"http:\/\/www.syenlap.dk\/wp-content\/uploads\/2010\/01\/hap-shawl-start1.jpg\" rel=\"lightbox[5106]\"><img loading=\"lazy\" decoding=\"async\" class=\"aligncenter size-full wp-image-5114\" title=\"hap shawl  start\" src=\"http:\/\/www.syenlap.dk\/wp-content\/uploads\/2010\/01\/hap-shawl-start1.jpg\" alt=\"\" width=\"500\" height=\"576\" \/><\/a>&#8230;men n\u00e5r vi nu snakker om &#8220;bl\u00f8dt&#8221;, s\u00e5 er jeg startet p\u00e5 et &#8220;Hap Shawl&#8221; &#8211; ogs\u00e5 kendt som &#8220;\u00bd kongerige&#8221; i det dejligste h\u00e5ndfarvede Dream in Color Baby\u00a0fra lager. Det\u00a0bliver en f\u00f8dselsdagsgave til en meget god veninde, og det er lige de rigtige smukke farver til hende, der ikke selv ville strikke s\u00e5dan et, men som elsker hjemmegjorte gaver!<\/p>\n<p style=\"text-align: left;\">Og kan du s\u00e5 komme ind til symaskinen!!! Den venter.<\/p>\n","protected":false},"excerpt":{"rendered":"<p>I denne kolde tid ville jeg gerne have en ny hue, selv om den tykke naturgarns hue er uovertruffent varm, men m\u00e5ske ikke s\u00e5 fiks! Hm! det ved jeg s\u00e5 heller ikke, om denne &#8220;bromb\u00e6rhue&#8221; er! Men varm &#8211; det &hellip; <a href=\"http:\/\/www.syenlap.dk\/?p=5106\">L\u00e6s resten <span class=\"meta-nav\">&rarr;<\/span><\/a><\/p>\n","protected":false},"author":2,"featured_media":0,"comment_status":"open","ping_status":"open","sticky":false,"template":"","format":"standard","meta":{"footnotes":""},"categories":[16],"tags":[],"class_list":["post-5106","post","type-post","status-publish","format-standard","hentry","category-strik"],"_links":{"self":[{"href":"http:\/\/www.syenlap.dk\/index.php?rest_route=\/wp\/v2\/posts\/5106","targetHints":{"allow":["GET"]}}],"collection":[{"href":"http:\/\/www.syenlap.dk\/index.php?rest_route=\/wp\/v2\/posts"}],"about":[{"href":"http:\/\/www.syenlap.dk\/index.php?rest_route=\/wp\/v2\/types\/post"}],"author":[{"embeddable":true,"href":"http:\/\/www.syenlap.dk\/index.php?rest_route=\/wp\/v2\/users\/2"}],"replies":[{"embeddable":true,"href":"http:\/\/www.syenlap.dk\/index.php?rest_route=%2Fwp%2Fv2%2Fcomments&post=5106"}],"version-history":[{"count":0,"href":"http:\/\/www.syenlap.dk\/index.php?rest_route=\/wp\/v2\/posts\/5106\/revisions"}],"wp:attachment":[{"href":"http:\/\/www.syenlap.dk\/index.php?rest_route=%2Fwp%2Fv2%2Fmedia&parent=5106"}],"wp:term":[{"taxonomy":"category","embeddable":true,"href":"http:\/\/www.syenlap.dk\/index.php?rest_route=%2Fwp%2Fv2%2Fcategories&post=5106"},{"taxonomy":"post_tag","embeddable":true,"href":"http:\/\/www.syenlap.dk\/index.php?rest_route=%2Fwp%2Fv2%2Ftags&post=5106"}],"curies":[{"name":"wp","href":"https:\/\/api.w.org\/{rel}","templated":true}]}}