{"id":5137,"date":"2010-01-11T14:07:36","date_gmt":"2010-01-11T12:07:36","guid":{"rendered":"http:\/\/www.syenlap.dk\/?p=5137"},"modified":"2010-01-11T14:07:36","modified_gmt":"2010-01-11T12:07:36","slug":"ud-pa-isen","status":"publish","type":"post","link":"http:\/\/www.syenlap.dk\/?p=5137","title":{"rendered":"Ud p\u00e5 isen"},"content":{"rendered":"<p>Dejlig formiddagstur i str\u00e5lende sol og ikke koldere, end at det er til at holde ud med varmt t\u00f8j og ulden hue!<\/p>\n<p><a href=\"http:\/\/www.syenlap.dk\/wp-content\/uploads\/2010\/01\/s\u00f8en.jpg\" rel=\"lightbox[5137]\"><img loading=\"lazy\" decoding=\"async\" class=\"aligncenter size-full wp-image-5138\" title=\"s\u00f8en\" src=\"http:\/\/www.syenlap.dk\/wp-content\/uploads\/2010\/01\/s\u00f8en.jpg\" alt=\"\" width=\"500\" height=\"378\" \/><\/a><\/p>\n<p>I dag gik turen for f\u00f8rste gang ud p\u00e5 den tilfrosne s\u00f8, hvor man rigtig kunne se, at der har v\u00e6ret megen aktivitet i weekenden af ski og sl\u00e6der.<\/p>\n<p><a href=\"http:\/\/www.syenlap.dk\/wp-content\/uploads\/2010\/01\/hunde-i-sne.jpg\" rel=\"lightbox[5137]\"><img loading=\"lazy\" decoding=\"async\" class=\"aligncenter size-full wp-image-5139\" title=\"hunde i sne\" src=\"http:\/\/www.syenlap.dk\/wp-content\/uploads\/2010\/01\/hunde-i-sne.jpg\" alt=\"\" width=\"500\" height=\"385\" \/><\/a><\/p>\n<p>Vi var heldige at m\u00f8de en af Whiskys hundevenner, &#8220;Perle&#8221;, der har f\u00e5et overt\u00f8j p\u00e5 i kulden! Det kan hun godt li&#8217;, siger hendes &#8220;Mor&#8221;, der fortalte, hvordan Perle elsker at pr\u00f8ve t\u00f8j!<\/p>\n<p><a href=\"http:\/\/www.syenlap.dk\/wp-content\/uploads\/2010\/01\/perle.jpg\" rel=\"lightbox[5137]\"><img loading=\"lazy\" decoding=\"async\" class=\"aligncenter size-full wp-image-5140\" title=\"perle\" src=\"http:\/\/www.syenlap.dk\/wp-content\/uploads\/2010\/01\/perle.jpg\" alt=\"\" width=\"500\" height=\"387\" \/><\/a><\/p>\n<p>Vi m\u00f8des ret tit, n\u00e5r vi g\u00e5r tur om formiddagen, og Perle har l\u00e6rt at s\u00e6tte Whisky p\u00e5 plads med et arrigt bj\u00e6f, hvis han bliver for voldsom..<\/p>\n<p><a href=\"http:\/\/www.syenlap.dk\/wp-content\/uploads\/2010\/01\/whiksy-og-perle.jpg\" rel=\"lightbox[5137]\"><img loading=\"lazy\" decoding=\"async\" class=\"aligncenter size-full wp-image-5141\" title=\"whiksy og perle\" src=\"http:\/\/www.syenlap.dk\/wp-content\/uploads\/2010\/01\/whiksy-og-perle.jpg\" alt=\"\" width=\"500\" height=\"428\" \/><\/a><\/p>\n<p>..s\u00e5 kan de godt st\u00e5 og sk\u00e6lde hinanden ud, men de mener ikke noget alvorligt med det. (Se halerne!)<\/p>\n<p><a href=\"http:\/\/www.syenlap.dk\/wp-content\/uploads\/2010\/01\/whisky.jpg\" rel=\"lightbox[5137]\"><img loading=\"lazy\" decoding=\"async\" class=\"aligncenter size-full wp-image-5142\" title=\"whisky\" src=\"http:\/\/www.syenlap.dk\/wp-content\/uploads\/2010\/01\/whisky.jpg\" alt=\"\" width=\"500\" height=\"375\" \/><\/a><\/p>\n<p>De elsker begge 2 sneen, og Whisky f\u00e5r lov at l\u00f8be l\u00f8s, s\u00e5 han rigtig kan snuse og v\u00e6lte sig i den fine sne. Men da vi kom ned p\u00e5 isen, var jeg n\u00f8dt til at gi&#8217; ham snor p\u00e5, for han kunne simpelthen ikke forst\u00e5 det med den is, hvor han plejer at kunne sv\u00f8mme, og n\u00e5r han bliver usikker, bliver han urolig og springer op ad mig og tager fat i mit \u00e6rme. Jeg har fundet ud af, at det er, n\u00e5r han er usikker, og s\u00e5 skal jeg tage styringen! N\u00e5r han s\u00e5 f\u00e5r snor p\u00e5, s\u00e5 er der ikke noget i vejen. Nok er han hyrdehund og vil gerne passe p\u00e5 mig, men i ukendte situationer skal jeg tage over!<\/p>\n<p>Da vi kom hjem, benyttede jeg det gode vejr til at strigle ham, det tr\u00e6ngte han til, og han vil gerne. Men vi m\u00e5 snakke om det! For der er nogle steder, hvor det \u00e5benbart g\u00f8r ondt, n\u00e5r jeg tager fat, og s\u00e5 snerrer han af mig og viser t\u00e6nder! Men med t\u00e5lmodighed, masser af ros og lidt sk\u00e6ldud, n\u00e5r han snerrer, s\u00e5 f\u00e5r vi et flot resultat, som han ogs\u00e5 har det godt med.<\/p>\n<p>S\u00e5 nu er han tr\u00e6t!<\/p>\n<p><a href=\"http:\/\/www.syenlap.dk\/wp-content\/uploads\/2010\/01\/tr\u00e6t.jpg\" rel=\"lightbox[5137]\"><img loading=\"lazy\" decoding=\"async\" class=\"aligncenter size-full wp-image-5143\" title=\"tr\u00e6t\" src=\"http:\/\/www.syenlap.dk\/wp-content\/uploads\/2010\/01\/tr\u00e6t.jpg\" alt=\"\" width=\"500\" height=\"387\" \/><\/a><\/p>\n<p>Og har lagt sig ved mine f\u00f8dder!<\/p>\n","protected":false},"excerpt":{"rendered":"<p>Dejlig formiddagstur i str\u00e5lende sol og ikke koldere, end at det er til at holde ud med varmt t\u00f8j og ulden hue! I dag gik turen for f\u00f8rste gang ud p\u00e5 den tilfrosne s\u00f8, hvor man rigtig kunne se, at &hellip; <a href=\"http:\/\/www.syenlap.dk\/?p=5137\">L\u00e6s resten <span class=\"meta-nav\">&rarr;<\/span><\/a><\/p>\n","protected":false},"author":2,"featured_media":0,"comment_status":"open","ping_status":"open","sticky":false,"template":"","format":"standard","meta":{"footnotes":""},"categories":[3,4],"tags":[],"class_list":["post-5137","post","type-post","status-publish","format-standard","hentry","category-dagligdagen","category-dyr"],"_links":{"self":[{"href":"http:\/\/www.syenlap.dk\/index.php?rest_route=\/wp\/v2\/posts\/5137","targetHints":{"allow":["GET"]}}],"collection":[{"href":"http:\/\/www.syenlap.dk\/index.php?rest_route=\/wp\/v2\/posts"}],"about":[{"href":"http:\/\/www.syenlap.dk\/index.php?rest_route=\/wp\/v2\/types\/post"}],"author":[{"embeddable":true,"href":"http:\/\/www.syenlap.dk\/index.php?rest_route=\/wp\/v2\/users\/2"}],"replies":[{"embeddable":true,"href":"http:\/\/www.syenlap.dk\/index.php?rest_route=%2Fwp%2Fv2%2Fcomments&post=5137"}],"version-history":[{"count":0,"href":"http:\/\/www.syenlap.dk\/index.php?rest_route=\/wp\/v2\/posts\/5137\/revisions"}],"wp:attachment":[{"href":"http:\/\/www.syenlap.dk\/index.php?rest_route=%2Fwp%2Fv2%2Fmedia&parent=5137"}],"wp:term":[{"taxonomy":"category","embeddable":true,"href":"http:\/\/www.syenlap.dk\/index.php?rest_route=%2Fwp%2Fv2%2Fcategories&post=5137"},{"taxonomy":"post_tag","embeddable":true,"href":"http:\/\/www.syenlap.dk\/index.php?rest_route=%2Fwp%2Fv2%2Ftags&post=5137"}],"curies":[{"name":"wp","href":"https:\/\/api.w.org\/{rel}","templated":true}]}}