{"id":5151,"date":"2010-01-12T18:29:20","date_gmt":"2010-01-12T16:29:20","guid":{"rendered":"http:\/\/www.syenlap.dk\/?p=5151"},"modified":"2010-01-12T18:29:20","modified_gmt":"2010-01-12T16:29:20","slug":"strikkecafe-og-garnrov","status":"publish","type":"post","link":"http:\/\/www.syenlap.dk\/?p=5151","title":{"rendered":"Strikkecaf\u00e9 og garnrov!"},"content":{"rendered":"<p><a href=\"http:\/\/www.syenlap.dk\/wp-content\/uploads\/2010\/01\/strikkecafe.jpg\" rel=\"lightbox[5151]\"><img loading=\"lazy\" decoding=\"async\" class=\"aligncenter size-full wp-image-5152\" title=\"strikkecafe\" src=\"http:\/\/www.syenlap.dk\/wp-content\/uploads\/2010\/01\/strikkecafe.jpg\" alt=\"\" width=\"500\" height=\"286\" \/><\/a><\/p>\n<p>Strikkecaf\u00e9en p\u00e5 S\u00f8nderg\u00e5rden er blevet s\u00e5 popul\u00e6r, at vi f\u00f8rst gik fra \u00e9n gang om m\u00e5neden til 2 gange, og nu strikker vi hver tirsdag &#8211; alts\u00e5 hvis vi har lyst, der er ingen bindinger. Om formiddagen &#8220;n\u00f8rkles&#8221; der, dvs at der strikkes t\u00e6pper til Mother Theresa-organisationen eller sm\u00e5 tr\u00f8jer. Om eftermiddagen er der fri strikning, hvor vi efterh\u00e5nden er mange, og der strikkes alt muligt.<\/p>\n<p><a href=\"http:\/\/www.syenlap.dk\/wp-content\/uploads\/2010\/01\/strikkecafe3.jpg\" rel=\"lightbox[5151]\"><img loading=\"lazy\" decoding=\"async\" class=\"aligncenter size-full wp-image-5153\" title=\"strikkecafe3\" src=\"http:\/\/www.syenlap.dk\/wp-content\/uploads\/2010\/01\/strikkecafe3.jpg\" alt=\"\" width=\"500\" height=\"351\" \/><\/a><\/p>\n<p>Aldersspredningen er forholdsvis stor, men det g\u00f8r bestemt ikke noget, vi er alle seniorer! <a href=\"http:\/\/www.markno.dk\/group.asp?group=2948\" target=\"_blank\">Markno&#8217;s garnudsalg<\/a> har haft stor s\u00f8gning, og det smitter!<\/p>\n<p><a href=\"http:\/\/www.syenlap.dk\/wp-content\/uploads\/2010\/01\/soft-fleece-t\u00f8rkl\u00e6de1.jpg\" rel=\"lightbox[5151]\"><img loading=\"lazy\" decoding=\"async\" class=\"aligncenter size-full wp-image-5158\" title=\"soft fleece t\u00f8rkl\u00e6de\" src=\"http:\/\/www.syenlap.dk\/wp-content\/uploads\/2010\/01\/soft-fleece-t\u00f8rkl\u00e6de1.jpg\" alt=\"\" width=\"500\" height=\"713\" \/><\/a><a href=\"http:\/\/www.syenlap.dk\/wp-content\/uploads\/2010\/01\/soft-fleece-t\u00f8rkl\u00e6de.jpg\" rel=\"lightbox[5151]\"><\/a><\/p>\n<p>S\u00e5 n\u00e5r nogen f\u00e5r et smart t\u00f8rkl\u00e6de f\u00e6rdigt, er der straks flere, der skal have det samme garn, og s\u00e5 stimles der sammen om computeren for at se, hvilke farver, det f\u00e5s i, og om der er mere af det. Som her, hvor Anettes flotte t\u00f8rkl\u00e6de af bare 2 n\u00f8gler \u00e1 10 kr i <a href=\"http:\/\/www.markno.dk\/group.asp?group=2728\" target=\"_blank\">Softfleece<\/a> straks udl\u00f8ste et indk\u00f8b! Ha! Vi t\u00f8mte lige butikken for pistaciegr\u00f8nt! Det er bare superbl\u00f8dt!<\/p>\n<p><a href=\"http:\/\/www.syenlap.dk\/wp-content\/uploads\/2010\/01\/strikkecafe4.jpg\" rel=\"lightbox[5151]\"><img loading=\"lazy\" decoding=\"async\" class=\"aligncenter size-full wp-image-5155\" title=\"strikkecafe4\" src=\"http:\/\/www.syenlap.dk\/wp-content\/uploads\/2010\/01\/strikkecafe4.jpg\" alt=\"\" width=\"500\" height=\"537\" \/><\/a><\/p>\n<p>Der strikkes stort og sm\u00e5t, tr\u00f8jer og str\u00f8mper, mange halst\u00f8rkl\u00e6der, og der byttes og diskuteres opskrifter. Det er MEGET hyggeligt!<\/p>\n<p><a href=\"http:\/\/www.syenlap.dk\/wp-content\/uploads\/2010\/01\/strikkecafe2.jpg\" rel=\"lightbox[5151]\"><img loading=\"lazy\" decoding=\"async\" class=\"aligncenter size-full wp-image-5156\" title=\"strikkecafe2\" src=\"http:\/\/www.syenlap.dk\/wp-content\/uploads\/2010\/01\/strikkecafe2.jpg\" alt=\"\" width=\"500\" height=\"420\" \/><\/a><\/p>\n<p>Og hov! til kaffen f\u00e5r vi sandelig ogs\u00e5 bes\u00f8g af en herre! Viggo elsker at drikke kaffe med alle de s\u00f8de damer og lave sjov med os. Det er en god eftermiddag, ogs\u00e5 selv om meget af min tid i \u00f8jeblikket g\u00e5r med at bestyre garnbestillingerne. Det er jo ikke alle, der har internetadgang, s\u00e5 det klarer jeg for os allesammen. Det er OK med mig.<\/p>\n","protected":false},"excerpt":{"rendered":"<p>Strikkecaf\u00e9en p\u00e5 S\u00f8nderg\u00e5rden er blevet s\u00e5 popul\u00e6r, at vi f\u00f8rst gik fra \u00e9n gang om m\u00e5neden til 2 gange, og nu strikker vi hver tirsdag &#8211; alts\u00e5 hvis vi har lyst, der er ingen bindinger. Om formiddagen &#8220;n\u00f8rkles&#8221; der, dvs &hellip; <a href=\"http:\/\/www.syenlap.dk\/?p=5151\">L\u00e6s resten <span class=\"meta-nav\">&rarr;<\/span><\/a><\/p>\n","protected":false},"author":2,"featured_media":0,"comment_status":"open","ping_status":"open","sticky":false,"template":"","format":"standard","meta":{"footnotes":""},"categories":[16],"tags":[],"class_list":["post-5151","post","type-post","status-publish","format-standard","hentry","category-strik"],"_links":{"self":[{"href":"http:\/\/www.syenlap.dk\/index.php?rest_route=\/wp\/v2\/posts\/5151","targetHints":{"allow":["GET"]}}],"collection":[{"href":"http:\/\/www.syenlap.dk\/index.php?rest_route=\/wp\/v2\/posts"}],"about":[{"href":"http:\/\/www.syenlap.dk\/index.php?rest_route=\/wp\/v2\/types\/post"}],"author":[{"embeddable":true,"href":"http:\/\/www.syenlap.dk\/index.php?rest_route=\/wp\/v2\/users\/2"}],"replies":[{"embeddable":true,"href":"http:\/\/www.syenlap.dk\/index.php?rest_route=%2Fwp%2Fv2%2Fcomments&post=5151"}],"version-history":[{"count":0,"href":"http:\/\/www.syenlap.dk\/index.php?rest_route=\/wp\/v2\/posts\/5151\/revisions"}],"wp:attachment":[{"href":"http:\/\/www.syenlap.dk\/index.php?rest_route=%2Fwp%2Fv2%2Fmedia&parent=5151"}],"wp:term":[{"taxonomy":"category","embeddable":true,"href":"http:\/\/www.syenlap.dk\/index.php?rest_route=%2Fwp%2Fv2%2Fcategories&post=5151"},{"taxonomy":"post_tag","embeddable":true,"href":"http:\/\/www.syenlap.dk\/index.php?rest_route=%2Fwp%2Fv2%2Ftags&post=5151"}],"curies":[{"name":"wp","href":"https:\/\/api.w.org\/{rel}","templated":true}]}}