{"id":5168,"date":"2010-01-14T13:31:27","date_gmt":"2010-01-14T11:31:27","guid":{"rendered":"http:\/\/www.syenlap.dk\/?p=5168"},"modified":"2010-01-14T13:31:27","modified_gmt":"2010-01-14T11:31:27","slug":"flittige-h%c3%a6nder-2","status":"publish","type":"post","link":"http:\/\/www.syenlap.dk\/?p=5168","title":{"rendered":"Flittige h\u00e6nder"},"content":{"rendered":"<p>Strikkecaf\u00e9 den ene dag &#8211; patchwork den anden dag, begge dele p\u00e5 vores fantastiske aktivitetscenter S\u00f8nderg\u00e5rden. Nu er julen ovre, s\u00e5 er det dejligt at m\u00f8des igen, og kreativiteten blomstrer!<\/p>\n<p><a href=\"http:\/\/www.syenlap.dk\/wp-content\/uploads\/2010\/01\/pw-sy2.jpg\" rel=\"lightbox[5168]\"><img loading=\"lazy\" decoding=\"async\" class=\"aligncenter size-full wp-image-5169\" title=\"pw sy2\" src=\"http:\/\/www.syenlap.dk\/wp-content\/uploads\/2010\/01\/pw-sy2.jpg\" alt=\"\" width=\"500\" height=\"372\" \/><\/a><\/p>\n<p>Der hygges og sys stort og sm\u00e5t..<\/p>\n<p><a href=\"http:\/\/www.syenlap.dk\/wp-content\/uploads\/2010\/01\/pw-sy3.jpg\" rel=\"lightbox[5168]\"><img loading=\"lazy\" decoding=\"async\" class=\"aligncenter size-full wp-image-5170\" title=\"pw sy3\" src=\"http:\/\/www.syenlap.dk\/wp-content\/uploads\/2010\/01\/pw-sy3.jpg\" alt=\"\" width=\"500\" height=\"392\" \/><\/a><\/p>\n<p>der er store borde til at samle t\u00e6pperne..<\/p>\n<p><a href=\"http:\/\/www.syenlap.dk\/wp-content\/uploads\/2010\/01\/pw-birthe.jpg\" rel=\"lightbox[5168]\"><img loading=\"lazy\" decoding=\"async\" class=\"alignleft size-full wp-image-5171\" title=\"pw birthe\" src=\"http:\/\/www.syenlap.dk\/wp-content\/uploads\/2010\/01\/pw-birthe.jpg\" alt=\"\" width=\"350\" height=\"256\" \/><\/a><\/p>\n<p>..der vises nye ting frem, her en lille sytaske<\/p>\n<p><a href=\"http:\/\/www.syenlap.dk\/wp-content\/uploads\/2010\/01\/pw-birthe-2.jpg\" rel=\"lightbox[5168]\"><img loading=\"lazy\" decoding=\"async\" class=\"alignright size-full wp-image-5172\" title=\"pw birthe 2\" src=\"http:\/\/www.syenlap.dk\/wp-content\/uploads\/2010\/01\/pw-birthe-2.jpg\" alt=\"\" width=\"350\" height=\"266\" \/><\/a><\/p>\n<p><a href=\"http:\/\/www.syenlap.dk\/wp-content\/uploads\/2010\/01\/sonjas-d\u00e6kkeservietter-med-stedmoder-3.jpg\" rel=\"lightbox[5168]\"><img loading=\"lazy\" decoding=\"async\" class=\"aligncenter size-full wp-image-5176\" title=\"sonjas d\u00e6kkeservietter med stedmoder 3\" src=\"http:\/\/www.syenlap.dk\/wp-content\/uploads\/2010\/01\/sonjas-d\u00e6kkeservietter-med-stedmoder-3.jpg\" alt=\"\" width=\"500\" height=\"599\" \/><\/a><\/p>\n<p>og nogle nye d\u00e6kkeservietter i et yndlingsm\u00f8nster..<\/p>\n<p><a href=\"http:\/\/www.syenlap.dk\/wp-content\/uploads\/2010\/01\/pw-sy-4.jpg\" rel=\"lightbox[5168]\"><img loading=\"lazy\" decoding=\"async\" class=\"alignright size-full wp-image-5180\" title=\"pw sy 4\" src=\"http:\/\/www.syenlap.dk\/wp-content\/uploads\/2010\/01\/pw-sy-4.jpg\" alt=\"\" width=\"350\" height=\"335\" \/><\/a><\/p>\n<p>.. id\u00e9er til, hvad der skal sys af disse smukke stoffer?<\/p>\n<p><a href=\"http:\/\/www.syenlap.dk\/wp-content\/uploads\/2010\/01\/pw-else-marie.jpg\" rel=\"lightbox[5168]\"><img loading=\"lazy\" decoding=\"async\" class=\"aligncenter size-full wp-image-5173\" title=\"pw else-marie\" src=\"http:\/\/www.syenlap.dk\/wp-content\/uploads\/2010\/01\/pw-else-marie.jpg\" alt=\"\" width=\"500\" height=\"426\" \/><\/a><\/p>\n<p>.. de sidste sting s\u00e6ttes i et lille t\u00e6ppe\u00a0&#8211; og s\u00e5 skal det vises frem og fotograferes (fast procedure!)<\/p>\n<p><a href=\"http:\/\/www.syenlap.dk\/wp-content\/uploads\/2010\/01\/pw-sy1.jpg\" rel=\"lightbox[5168]\"><img loading=\"lazy\" decoding=\"async\" class=\"aligncenter size-full wp-image-5174\" title=\"pw sy1\" src=\"http:\/\/www.syenlap.dk\/wp-content\/uploads\/2010\/01\/pw-sy1.jpg\" alt=\"\" width=\"500\" height=\"426\" \/><\/a><\/p>\n<p>Det er simpelthen en eftermiddag, jeg n\u00f8digt undv\u00e6rer!<\/p>\n","protected":false},"excerpt":{"rendered":"<p>Strikkecaf\u00e9 den ene dag &#8211; patchwork den anden dag, begge dele p\u00e5 vores fantastiske aktivitetscenter S\u00f8nderg\u00e5rden. Nu er julen ovre, s\u00e5 er det dejligt at m\u00f8des igen, og kreativiteten blomstrer! Der hygges og sys stort og sm\u00e5t.. der er store &hellip; <a href=\"http:\/\/www.syenlap.dk\/?p=5168\">L\u00e6s resten <span class=\"meta-nav\">&rarr;<\/span><\/a><\/p>\n","protected":false},"author":2,"featured_media":0,"comment_status":"open","ping_status":"open","sticky":false,"template":"","format":"standard","meta":{"footnotes":""},"categories":[3,15],"tags":[],"class_list":["post-5168","post","type-post","status-publish","format-standard","hentry","category-dagligdagen","category-patchwork"],"_links":{"self":[{"href":"http:\/\/www.syenlap.dk\/index.php?rest_route=\/wp\/v2\/posts\/5168","targetHints":{"allow":["GET"]}}],"collection":[{"href":"http:\/\/www.syenlap.dk\/index.php?rest_route=\/wp\/v2\/posts"}],"about":[{"href":"http:\/\/www.syenlap.dk\/index.php?rest_route=\/wp\/v2\/types\/post"}],"author":[{"embeddable":true,"href":"http:\/\/www.syenlap.dk\/index.php?rest_route=\/wp\/v2\/users\/2"}],"replies":[{"embeddable":true,"href":"http:\/\/www.syenlap.dk\/index.php?rest_route=%2Fwp%2Fv2%2Fcomments&post=5168"}],"version-history":[{"count":0,"href":"http:\/\/www.syenlap.dk\/index.php?rest_route=\/wp\/v2\/posts\/5168\/revisions"}],"wp:attachment":[{"href":"http:\/\/www.syenlap.dk\/index.php?rest_route=%2Fwp%2Fv2%2Fmedia&parent=5168"}],"wp:term":[{"taxonomy":"category","embeddable":true,"href":"http:\/\/www.syenlap.dk\/index.php?rest_route=%2Fwp%2Fv2%2Fcategories&post=5168"},{"taxonomy":"post_tag","embeddable":true,"href":"http:\/\/www.syenlap.dk\/index.php?rest_route=%2Fwp%2Fv2%2Ftags&post=5168"}],"curies":[{"name":"wp","href":"https:\/\/api.w.org\/{rel}","templated":true}]}}