{"id":5241,"date":"2010-01-21T09:21:31","date_gmt":"2010-01-21T07:21:31","guid":{"rendered":"http:\/\/www.syenlap.dk\/?p=5241"},"modified":"2010-01-21T09:21:31","modified_gmt":"2010-01-21T07:21:31","slug":"70er-orange","status":"publish","type":"post","link":"http:\/\/www.syenlap.dk\/?p=5241","title":{"rendered":"70&#039;er orange"},"content":{"rendered":"<p>P\u00e5 min hjemmeside <a href=\"http:\/\/www.kludekoner.dk\">www.kludekoner.dk<\/a> har jeg i dag billeder af et gammelt t\u00e6ppe, som en af Kludekonerne (vores private klub) har k\u00f8bt p\u00e5 <a href=\"http:\/\/www.holstebro-auktioner.dk\/\" target=\"_blank\">Holstebro Auktioner<\/a>\u00a0. Vi andre skulle g\u00e6tte, hvor meget hun\u00a0havde givet. De var 2 til at byde p\u00e5 en kasse med flere forskellige patchwork ting,\u00a0formentlig et d\u00f8dsbo. Der var ingen af os, der turde komme med et bud, for vi s\u00e6tter jo patchwork h\u00f8jt og ved, hvor meget arbejde, der ligger i s\u00e5dan et t\u00e6ppe. Men jeg var da i tankerne oppe i et par tusind (og synes s\u00e5 stadig, det er for billigt).<\/p>\n<p style=\"text-align: center;\"><a href=\"http:\/\/www.syenlap.dk\/wp-content\/uploads\/2010\/01\/gammel-dansk-quilt-ukendt.jpg\" rel=\"lightbox[5241]\"><img loading=\"lazy\" decoding=\"async\" class=\"aligncenter size-full wp-image-5242\" title=\"Gammel dansk quilt ukendt oprindelse\" src=\"http:\/\/www.syenlap.dk\/wp-content\/uploads\/2010\/01\/gammel-dansk-quilt-ukendt.jpg\" alt=\"\" width=\"500\" height=\"553\" \/><\/a>\u00a0250 kr kom hun op i! Det er s\u00f8rme godt, at hende, der har syet det, ikke kender den pris, for s\u00e5 ville hun gr\u00e6mme sig!<\/p>\n<p>Det er h\u00e5ndsyet og h\u00e5ndquiltet, det stank af r\u00f8g, og er blevet vasket 2 gange, men s\u00e5 lugter det heller ikke mere. Det er p\u00e6nt syet, men hvor er det sjovt at se, hvor anderledes farverne er fra dem, vi bruger i dag! Vi g\u00e6ttede allesammen p\u00e5, at det er syet i 70&#8217;erne efter farverne at d\u00f8mme. Mon ikke det er rigtigt? Jeg har spurgt en ekspert, s\u00e5 m\u00e5 vi h\u00f8re, hvad hun siger.<\/p>\n<p style=\"text-align: center;\"><a href=\"http:\/\/www.syenlap.dk\/wp-content\/uploads\/2010\/01\/gammel-dansk-quilt-ukendt-detail.jpg\" rel=\"lightbox[5241]\"><img loading=\"lazy\" decoding=\"async\" class=\"aligncenter size-full wp-image-5243\" title=\"gammel dansk quilt ukendt n\u00e6rbillede\" src=\"http:\/\/www.syenlap.dk\/wp-content\/uploads\/2010\/01\/gammel-dansk-quilt-ukendt-detail.jpg\" alt=\"\" width=\"500\" height=\"487\" \/><\/a><\/p>\n<p>Det er jo sjovt med stoffer og farver. N\u00e5 vi syr noget med forskellige rester, kan vi godt genkende nogle gamle stoffer, som vi har brugt for et eller andet antal \u00e5r siden, og s\u00e5 kan vi tidsf\u00e6ste det ud fra det. En af Kludekonerne har engang haft stofbutik, og hun har stadig en del rester fra dengang, s\u00e5 hun kan ofte hj\u00e6lpe, hvis vi mangler en stump eller en bestemt farve, som man ikke kan k\u00f8be mere.<\/p>\n<p>Jeg har ogs\u00e5 syet i st\u00e6rke farver &#8211; f.eks. elsker jeg jo Kaffe Fassetts stoffer, og jeg har stadig noget ensfarvet\u00a0abrikosfarvet, som jeg engang har f\u00e5et for\u00e6ret nogle store stykker af, men jeg bruger det h\u00f8jst som bagsider! Disse farver forekommer for voldsomme p\u00e5 en eller anden m\u00e5de &#8211; n\u00e5h ja, nogle af dem, eller er det sammens\u00e6tningen? Men sjovt er det da.<\/p>\n","protected":false},"excerpt":{"rendered":"<p>P\u00e5 min hjemmeside www.kludekoner.dk har jeg i dag billeder af et gammelt t\u00e6ppe, som en af Kludekonerne (vores private klub) har k\u00f8bt p\u00e5 Holstebro Auktioner\u00a0. Vi andre skulle g\u00e6tte, hvor meget hun\u00a0havde givet. De var 2 til at byde p\u00e5 &hellip; <a href=\"http:\/\/www.syenlap.dk\/?p=5241\">L\u00e6s resten <span class=\"meta-nav\">&rarr;<\/span><\/a><\/p>\n","protected":false},"author":2,"featured_media":0,"comment_status":"open","ping_status":"open","sticky":false,"template":"","format":"standard","meta":{"footnotes":""},"categories":[12,15],"tags":[],"class_list":["post-5241","post","type-post","status-publish","format-standard","hentry","category-oplevelser","category-patchwork"],"_links":{"self":[{"href":"http:\/\/www.syenlap.dk\/index.php?rest_route=\/wp\/v2\/posts\/5241","targetHints":{"allow":["GET"]}}],"collection":[{"href":"http:\/\/www.syenlap.dk\/index.php?rest_route=\/wp\/v2\/posts"}],"about":[{"href":"http:\/\/www.syenlap.dk\/index.php?rest_route=\/wp\/v2\/types\/post"}],"author":[{"embeddable":true,"href":"http:\/\/www.syenlap.dk\/index.php?rest_route=\/wp\/v2\/users\/2"}],"replies":[{"embeddable":true,"href":"http:\/\/www.syenlap.dk\/index.php?rest_route=%2Fwp%2Fv2%2Fcomments&post=5241"}],"version-history":[{"count":0,"href":"http:\/\/www.syenlap.dk\/index.php?rest_route=\/wp\/v2\/posts\/5241\/revisions"}],"wp:attachment":[{"href":"http:\/\/www.syenlap.dk\/index.php?rest_route=%2Fwp%2Fv2%2Fmedia&parent=5241"}],"wp:term":[{"taxonomy":"category","embeddable":true,"href":"http:\/\/www.syenlap.dk\/index.php?rest_route=%2Fwp%2Fv2%2Fcategories&post=5241"},{"taxonomy":"post_tag","embeddable":true,"href":"http:\/\/www.syenlap.dk\/index.php?rest_route=%2Fwp%2Fv2%2Ftags&post=5241"}],"curies":[{"name":"wp","href":"https:\/\/api.w.org\/{rel}","templated":true}]}}