{"id":5386,"date":"2010-02-04T15:07:16","date_gmt":"2010-02-04T13:07:16","guid":{"rendered":"http:\/\/www.syenlap.dk\/?p=5386"},"modified":"2010-02-04T15:07:16","modified_gmt":"2010-02-04T13:07:16","slug":"jeg-bliver-helt-r%c3%b8rt","status":"publish","type":"post","link":"http:\/\/www.syenlap.dk\/?p=5386","title":{"rendered":"Jeg bliver helt r\u00f8rt!"},"content":{"rendered":"<p>T\u00e6nk, jeg blev virkelig r\u00f8rt, da jeg pakkede den pakke op, som posten kom med i dag. Jeg t\u00e6nkte: &#8220;n\u00e5h, der er flere eftern\u00f8ler-blokke, hvor mange mon det nu er?&#8221;<\/p>\n<p><a href=\"http:\/\/www.syenlap.dk\/wp-content\/uploads\/2010\/02\/lammefjord-quilterne.jpg\" rel=\"lightbox[5386]\"><img loading=\"lazy\" decoding=\"async\" class=\"aligncenter size-full wp-image-5387\" title=\"lammefjord quilterne\" src=\"http:\/\/www.syenlap.dk\/wp-content\/uploads\/2010\/02\/lammefjord-quilterne.jpg\" alt=\"\" width=\"500\" height=\"271\" \/><\/a><\/p>\n<p>Og s\u00e5 var der 3 x 20 blokke, smukt syet sammen til 3 toppe med sorte stolper imellem og omkring, s\u00e5 de har en p\u00e6n st\u00f8rrelse p\u00e5 115 x 140 cm! Lige til at quilte! Syet af Lammefjords Quilterne, som s\u00e5 i\u00f8vrigt ogs\u00e5 havde vedlagt frankeret svarkuvert til det nye 2010 m\u00f8nster &#8220;Stier og hegn&#8221;.\u00a0 Hvor er det alts\u00e5 dejligt, der nu igen er nogen, der g\u00f8r sig den ulejlighed.<\/p>\n<p>S\u00e5 nu har vi modtaget ialt 1379 blokke, det er n\u00e6sten det dobbelte af sidste \u00e5r, hvor vi ellers syntes, at 754 var mange!<\/p>\n<p>Vi har ogs\u00e5 f\u00e5et andre doneringer, idet der kom en check p\u00e5 300 kr fra en quilter, i g\u00e5r fulgte der 50 frim\u00e6rker \u00e1 5,50 kr med en bestilling af 2010-m\u00f8nsteret i stedet for de 15 kr, vi beder om. Og i n\u00e6ste uge kan jeg hente 25 &#8211; 30 meter stof til bagsider hos <a href=\"http:\/\/www.helenejuul.dk\/\" target=\"_blank\">Helene Juul<\/a>, som gerne vil st\u00f8tte projektet. Hvor er I dejlige!<\/p>\n","protected":false},"excerpt":{"rendered":"<p>T\u00e6nk, jeg blev virkelig r\u00f8rt, da jeg pakkede den pakke op, som posten kom med i dag. Jeg t\u00e6nkte: &#8220;n\u00e5h, der er flere eftern\u00f8ler-blokke, hvor mange mon det nu er?&#8221; Og s\u00e5 var der 3 x 20 blokke, smukt syet &hellip; <a href=\"http:\/\/www.syenlap.dk\/?p=5386\">L\u00e6s resten <span class=\"meta-nav\">&rarr;<\/span><\/a><\/p>\n","protected":false},"author":2,"featured_media":0,"comment_status":"open","ping_status":"open","sticky":false,"template":"","format":"standard","meta":{"footnotes":""},"categories":[7,15],"tags":[51],"class_list":["post-5386","post","type-post","status-publish","format-standard","hentry","category-glder-og-sorger","category-patchwork","tag-projekt-puttetpper"],"_links":{"self":[{"href":"http:\/\/www.syenlap.dk\/index.php?rest_route=\/wp\/v2\/posts\/5386","targetHints":{"allow":["GET"]}}],"collection":[{"href":"http:\/\/www.syenlap.dk\/index.php?rest_route=\/wp\/v2\/posts"}],"about":[{"href":"http:\/\/www.syenlap.dk\/index.php?rest_route=\/wp\/v2\/types\/post"}],"author":[{"embeddable":true,"href":"http:\/\/www.syenlap.dk\/index.php?rest_route=\/wp\/v2\/users\/2"}],"replies":[{"embeddable":true,"href":"http:\/\/www.syenlap.dk\/index.php?rest_route=%2Fwp%2Fv2%2Fcomments&post=5386"}],"version-history":[{"count":0,"href":"http:\/\/www.syenlap.dk\/index.php?rest_route=\/wp\/v2\/posts\/5386\/revisions"}],"wp:attachment":[{"href":"http:\/\/www.syenlap.dk\/index.php?rest_route=%2Fwp%2Fv2%2Fmedia&parent=5386"}],"wp:term":[{"taxonomy":"category","embeddable":true,"href":"http:\/\/www.syenlap.dk\/index.php?rest_route=%2Fwp%2Fv2%2Fcategories&post=5386"},{"taxonomy":"post_tag","embeddable":true,"href":"http:\/\/www.syenlap.dk\/index.php?rest_route=%2Fwp%2Fv2%2Ftags&post=5386"}],"curies":[{"name":"wp","href":"https:\/\/api.w.org\/{rel}","templated":true}]}}