{"id":650,"date":"2008-10-04T12:06:48","date_gmt":"2008-10-04T10:06:48","guid":{"rendered":"http:\/\/www.syenlap.dk\/?p=650"},"modified":"2008-10-04T12:06:48","modified_gmt":"2008-10-04T10:06:48","slug":"nu-falmer-skoven","status":"publish","type":"post","link":"http:\/\/www.syenlap.dk\/?p=650","title":{"rendered":"Nu falmer skoven"},"content":{"rendered":"<p><a href=\"http:\/\/www.syenlap.dk\/wp-content\/uploads\/2008\/10\/efterar5.jpg\" rel=\"lightbox[650]\"><img loading=\"lazy\" decoding=\"async\" class=\"alignnone size-full wp-image-651\" title=\"efterar\" src=\"http:\/\/www.syenlap.dk\/wp-content\/uploads\/2008\/10\/efterar5.jpg\" alt=\"\" width=\"450\" height=\"274\" \/><\/a><\/p>\n<p>Vi bliver lovet efter\u00e5rsstorm, men endnu er det rigtig sk\u00f8nt og klart efter\u00e5rsvejr. Jeg elsker, n\u00e5r farverne skifter til gl\u00f8dende gyldne, brune og r\u00f8de efter\u00e5rsfarver. Den f\u00f8rste frost mangler endnu, f\u00f8r det skifter for alvor, men i haven, hvor nogle tr\u00e6er og buske er af fremmed \u00e6t, er det sl\u00e5et igennem.<\/p>\n<p><a href=\"http:\/\/www.syenlap.dk\/wp-content\/uploads\/2008\/10\/efterar.jpg\" rel=\"lightbox[650]\"><img loading=\"lazy\" decoding=\"async\" class=\"alignnone size-full wp-image-652\" title=\"efterar\" src=\"http:\/\/www.syenlap.dk\/wp-content\/uploads\/2008\/10\/efterar.jpg\" alt=\"\" width=\"450\" height=\"429\" \/><\/a><\/p>\n<p>\u00a0<\/p>\n<p>Vi er s\u00e5 heldige at bo op mod et gr\u00f8nt omr\u00e5de, der danner flot baggrund for de smukke buske, s\u00e5 der bliver dybde i den flotte have, som S\u00f8ren har arbejdet med i mange \u00e5r.<\/p>\n<p>\u00a0<\/p>\n<p><a href=\"http:\/\/www.syenlap.dk\/wp-content\/uploads\/2008\/10\/efterar4.jpg\" rel=\"lightbox[650]\"><img loading=\"lazy\" decoding=\"async\" class=\"alignleft size-full wp-image-653\" title=\"efterar4\" src=\"http:\/\/www.syenlap.dk\/wp-content\/uploads\/2008\/10\/efterar4.jpg\" alt=\"\" width=\"450\" height=\"402\" \/><\/a><\/p>\n<p>\u00a0<\/p>\n<p>\u00a0<\/p>\n<p>\u00a0<\/p>\n<p>\u00a0<\/p>\n<p>\u00a0<\/p>\n<p>\u00a0<\/p>\n<p>\u00a0<\/p>\n<p>\u00a0<\/p>\n<p>\u00a0<\/p>\n<p>\u00a0<\/p>\n<p>\u00a0<\/p>\n<p>\u00a0<\/p>\n<p><a href=\"http:\/\/www.syenlap.dk\/wp-content\/uploads\/2008\/10\/efterar-2.jpg\" rel=\"lightbox[650]\"><img loading=\"lazy\" decoding=\"async\" class=\"alignnone size-full wp-image-654\" title=\"efterar-2\" src=\"http:\/\/www.syenlap.dk\/wp-content\/uploads\/2008\/10\/efterar-2.jpg\" alt=\"\" width=\"450\" height=\"625\" \/><\/a><\/p>\n<p>\u00a0<\/p>\n<p>Ogs\u00e5 byplanl\u00e6ggerne var forudseende for 30 \u00e5r siden, da dette kvarter blev bygget, s\u00e5 vi har flotte tr\u00e6er og obligatoriske b\u00f8geh\u00e6kke i udstykningen.<\/p>\n<p>\u00a0<\/p>\n<p><a href=\"http:\/\/www.syenlap.dk\/wp-content\/uploads\/2008\/10\/hunde.jpg\" rel=\"lightbox[650]\"><img loading=\"lazy\" decoding=\"async\" class=\"alignnone size-full wp-image-655\" title=\"hunde\" src=\"http:\/\/www.syenlap.dk\/wp-content\/uploads\/2008\/10\/hunde.jpg\" alt=\"\" width=\"450\" height=\"352\" \/><\/a><\/p>\n<p>Whisky havde en heldig dag i dag, da vi p\u00e5 vores formiddagstur m\u00f8dte en af de hunde, som ikke er bange for hans st\u00f8rrelse, selv om den kun er ca 1\/3 af Whiskys st\u00f8rrelse. Bajads er en livlig lille &#8220;Mini-collie&#8221; (det hedder racen ikke, men det ligner!) knap s\u00e5 gammel som Whisky, men k\u00e6k og frisk, og de m\u00f8des j\u00e6vnligt p\u00e5 lufteture og accepterer hinanden.<\/p>\n<p><a href=\"http:\/\/www.syenlap.dk\/wp-content\/uploads\/2008\/10\/hunde3.jpg\" rel=\"lightbox[650]\"><img loading=\"lazy\" decoding=\"async\" class=\"alignleft size-medium wp-image-657\" title=\"hunde3\" src=\"http:\/\/www.syenlap.dk\/wp-content\/uploads\/2008\/10\/hunde3-300x188.jpg\" alt=\"\" width=\"300\" height=\"188\" \/><\/a><\/p>\n<p>\u00a0<\/p>\n<p>\u00a0<\/p>\n<p>\u00a0<\/p>\n<p>\u00a0<\/p>\n<p>\u00a0<\/p>\n<p>\u00a0<\/p>\n<p><a href=\"http:\/\/www.syenlap.dk\/wp-content\/uploads\/2008\/10\/hunde2.jpg\" rel=\"lightbox[650]\"><img loading=\"lazy\" decoding=\"async\" class=\"alignright size-medium wp-image-658\" title=\"hunde2\" src=\"http:\/\/www.syenlap.dk\/wp-content\/uploads\/2008\/10\/hunde2-300x159.jpg\" alt=\"\" width=\"300\" height=\"159\" \/><\/a><\/p>\n<p>De kan f.eks. godt enes om at lede efter godbidder side om side!<\/p>\n","protected":false},"excerpt":{"rendered":"<p>Vi bliver lovet efter\u00e5rsstorm, men endnu er det rigtig sk\u00f8nt og klart efter\u00e5rsvejr. Jeg elsker, n\u00e5r farverne skifter til gl\u00f8dende gyldne, brune og r\u00f8de efter\u00e5rsfarver. Den f\u00f8rste frost mangler endnu, f\u00f8r det skifter for alvor, men i haven, hvor nogle &hellip; <a href=\"http:\/\/www.syenlap.dk\/?p=650\">L\u00e6s resten <span class=\"meta-nav\">&rarr;<\/span><\/a><\/p>\n","protected":false},"author":2,"featured_media":0,"comment_status":"open","ping_status":"open","sticky":false,"template":"","format":"standard","meta":{"footnotes":""},"categories":[4,8,12],"tags":[],"class_list":["post-650","post","type-post","status-publish","format-standard","hentry","category-dyr","category-haven","category-oplevelser"],"_links":{"self":[{"href":"http:\/\/www.syenlap.dk\/index.php?rest_route=\/wp\/v2\/posts\/650","targetHints":{"allow":["GET"]}}],"collection":[{"href":"http:\/\/www.syenlap.dk\/index.php?rest_route=\/wp\/v2\/posts"}],"about":[{"href":"http:\/\/www.syenlap.dk\/index.php?rest_route=\/wp\/v2\/types\/post"}],"author":[{"embeddable":true,"href":"http:\/\/www.syenlap.dk\/index.php?rest_route=\/wp\/v2\/users\/2"}],"replies":[{"embeddable":true,"href":"http:\/\/www.syenlap.dk\/index.php?rest_route=%2Fwp%2Fv2%2Fcomments&post=650"}],"version-history":[{"count":0,"href":"http:\/\/www.syenlap.dk\/index.php?rest_route=\/wp\/v2\/posts\/650\/revisions"}],"wp:attachment":[{"href":"http:\/\/www.syenlap.dk\/index.php?rest_route=%2Fwp%2Fv2%2Fmedia&parent=650"}],"wp:term":[{"taxonomy":"category","embeddable":true,"href":"http:\/\/www.syenlap.dk\/index.php?rest_route=%2Fwp%2Fv2%2Fcategories&post=650"},{"taxonomy":"post_tag","embeddable":true,"href":"http:\/\/www.syenlap.dk\/index.php?rest_route=%2Fwp%2Fv2%2Ftags&post=650"}],"curies":[{"name":"wp","href":"https:\/\/api.w.org\/{rel}","templated":true}]}}