{"id":6530,"date":"2010-05-30T10:13:24","date_gmt":"2010-05-30T08:13:24","guid":{"rendered":"http:\/\/www.syenlap.dk\/?p=6530"},"modified":"2010-05-30T10:13:24","modified_gmt":"2010-05-30T08:13:24","slug":"haven-og-h%c3%b8nsestrikt%c3%a6ppe","status":"publish","type":"post","link":"http:\/\/www.syenlap.dk\/?p=6530","title":{"rendered":"Haven og h\u00f8nsestrikt\u00e6ppe"},"content":{"rendered":"<p><a href=\"http:\/\/www.syenlap.dk\/wp-content\/uploads\/2010\/05\/300510-haven.jpg\" rel=\"lightbox[6530]\"><img loading=\"lazy\" decoding=\"async\" class=\"aligncenter size-full wp-image-6531\" title=\"300510 haven\" src=\"http:\/\/www.syenlap.dk\/wp-content\/uploads\/2010\/05\/300510-haven.jpg\" alt=\"\" width=\"500\" height=\"375\" \/><\/a><\/p>\n<p>Nu sker der for alvor noget med Rhododendron&#8217;erne i haven, og min havemand var p\u00e5 bes\u00f8g for et par dage siden, s\u00e5 der er s\u00e5 fint derude!<\/p>\n<p><a href=\"http:\/\/www.syenlap.dk\/wp-content\/uploads\/2010\/05\/300510-haven2.jpg\" rel=\"lightbox[6530]\"><img loading=\"lazy\" decoding=\"async\" class=\"aligncenter size-full wp-image-6532\" title=\"300510 haven2\" src=\"http:\/\/www.syenlap.dk\/wp-content\/uploads\/2010\/05\/300510-haven2.jpg\" alt=\"\" width=\"500\" height=\"375\" \/><\/a><\/p>\n<p>Det er en fantastisk farve, denne her har! &#8211; n\u00e5h ja ogs\u00e5 den bagved, den er varmt cremefarvet med r\u00f8d gane.<\/p>\n<p>Og s\u00e5 er jeg ved at n\u00e5 enden p\u00e5 <a href=\"http:\/\/www.syenlap.dk\/?p=1138\" target=\"_blank\">h\u00f8nsestrikt\u00e6ppet<\/a>, jeg er ved en ny bort, som jeg er lidt sp\u00e6ndt p\u00e5, den er lidt sv\u00e6r! Men alle de kendte + lidt flere &#8211; bare i andre farver igen-igen &#8211; \u00a0er med her:<\/p>\n<p><a href=\"http:\/\/www.syenlap.dk\/wp-content\/uploads\/2010\/05\/300510-h\u00f8nsestrik.jpg\" rel=\"lightbox[6530]\"><img loading=\"lazy\" decoding=\"async\" class=\"aligncenter size-full wp-image-6533\" title=\"300510 h\u00f8nsestrik\" src=\"http:\/\/www.syenlap.dk\/wp-content\/uploads\/2010\/05\/300510-h\u00f8nsestrik.jpg\" alt=\"\" width=\"500\" height=\"810\" \/><\/a><\/p>\n","protected":false},"excerpt":{"rendered":"<p>Nu sker der for alvor noget med Rhododendron&#8217;erne i haven, og min havemand var p\u00e5 bes\u00f8g for et par dage siden, s\u00e5 der er s\u00e5 fint derude! Det er en fantastisk farve, denne her har! &#8211; n\u00e5h ja ogs\u00e5 den &hellip; <a href=\"http:\/\/www.syenlap.dk\/?p=6530\">L\u00e6s resten <span class=\"meta-nav\">&rarr;<\/span><\/a><\/p>\n","protected":false},"author":2,"featured_media":0,"comment_status":"open","ping_status":"open","sticky":false,"template":"","format":"standard","meta":{"footnotes":""},"categories":[8,16],"tags":[38],"class_list":["post-6530","post","type-post","status-publish","format-standard","hentry","category-haven","category-strik","tag-hnsestrik"],"_links":{"self":[{"href":"http:\/\/www.syenlap.dk\/index.php?rest_route=\/wp\/v2\/posts\/6530","targetHints":{"allow":["GET"]}}],"collection":[{"href":"http:\/\/www.syenlap.dk\/index.php?rest_route=\/wp\/v2\/posts"}],"about":[{"href":"http:\/\/www.syenlap.dk\/index.php?rest_route=\/wp\/v2\/types\/post"}],"author":[{"embeddable":true,"href":"http:\/\/www.syenlap.dk\/index.php?rest_route=\/wp\/v2\/users\/2"}],"replies":[{"embeddable":true,"href":"http:\/\/www.syenlap.dk\/index.php?rest_route=%2Fwp%2Fv2%2Fcomments&post=6530"}],"version-history":[{"count":0,"href":"http:\/\/www.syenlap.dk\/index.php?rest_route=\/wp\/v2\/posts\/6530\/revisions"}],"wp:attachment":[{"href":"http:\/\/www.syenlap.dk\/index.php?rest_route=%2Fwp%2Fv2%2Fmedia&parent=6530"}],"wp:term":[{"taxonomy":"category","embeddable":true,"href":"http:\/\/www.syenlap.dk\/index.php?rest_route=%2Fwp%2Fv2%2Fcategories&post=6530"},{"taxonomy":"post_tag","embeddable":true,"href":"http:\/\/www.syenlap.dk\/index.php?rest_route=%2Fwp%2Fv2%2Ftags&post=6530"}],"curies":[{"name":"wp","href":"https:\/\/api.w.org\/{rel}","templated":true}]}}