{"id":6537,"date":"2010-05-31T20:21:41","date_gmt":"2010-05-31T18:21:41","guid":{"rendered":"http:\/\/www.syenlap.dk\/?p=6537"},"modified":"2010-05-31T20:21:41","modified_gmt":"2010-05-31T18:21:41","slug":"sk%c3%b8nheder","status":"publish","type":"post","link":"http:\/\/www.syenlap.dk\/?p=6537","title":{"rendered":"Sk\u00f8nheder"},"content":{"rendered":"<p><a href=\"http:\/\/www.syenlap.dk\/wp-content\/uploads\/2010\/05\/310510-orkideer.jpg\" rel=\"lightbox[6537]\"><img loading=\"lazy\" decoding=\"async\" class=\"aligncenter size-full wp-image-6538\" title=\"310510 orkideer\" src=\"http:\/\/www.syenlap.dk\/wp-content\/uploads\/2010\/05\/310510-orkideer.jpg\" alt=\"\" width=\"500\" height=\"532\" \/><\/a><\/p>\n<p>N\u00e5r jeg har &#8220;fri&#8221; fra mit \u00bd-tids kustodejob p\u00e5 L\u00f8ndal (benene kan ikke klare at st\u00e5 mere end 4 timer), skal jeg jo ogs\u00e5 se alle udstillernes stande. Nogle n\u00e5ede jeg l\u00f8rdag, hvor det var s\u00e5 dejligt vejr, sammen med naboen, som var k\u00f8rende med mig og brugte min arbejdstid til at nyde det hele. F\u00f8rst i g\u00e5r s\u00e5 jeg den lille udestue med orkid\u00e9er, som man kunne k\u00f8be. Jeg er jo vild med orkid\u00e9er, og jeg fik her mulighed for at k\u00f8be b\u00e5de potter, barkflis og orkid\u00e9g\u00f8dning, s\u00e5 jeg kan plante nogle af mine om i de rigtige klare potter.<\/p>\n<p><a href=\"http:\/\/www.syenlap.dk\/wp-content\/uploads\/2010\/05\/310510-orkideer2.jpg\" rel=\"lightbox[6537]\"><img loading=\"lazy\" decoding=\"async\" class=\"aligncenter size-full wp-image-6539\" title=\"310510 orkideer2\" src=\"http:\/\/www.syenlap.dk\/wp-content\/uploads\/2010\/05\/310510-orkideer2.jpg\" alt=\"\" width=\"500\" height=\"702\" \/><\/a><\/p>\n<p>De er simpelthen s\u00e5 smukke, og jeg k\u00f8bte da ogs\u00e5 en enkelt til fornyelse i vindueskarmen:<\/p>\n<p><a href=\"http:\/\/www.syenlap.dk\/wp-content\/uploads\/2010\/05\/310510-orkideer3.jpg\" rel=\"lightbox[6537]\"><img loading=\"lazy\" decoding=\"async\" class=\"aligncenter size-full wp-image-6540\" title=\"310510 orkideer3\" src=\"http:\/\/www.syenlap.dk\/wp-content\/uploads\/2010\/05\/310510-orkideer3.jpg\" alt=\"\" width=\"500\" height=\"465\" \/><\/a><\/p>\n<p>nemlig den h\u00f8jeste til venstre med rosaplettede blomster. De har alle f\u00e5et vand og g\u00f8dning i dag, ogs\u00e5 dem, der nu er ved at skyde, men som endnu ikke er kommet ind fra nursing-rummet.<\/p>\n<p><a href=\"http:\/\/www.syenlap.dk\/wp-content\/uploads\/2010\/05\/310510-roser.jpg\" rel=\"lightbox[6537]\"><img loading=\"lazy\" decoding=\"async\" class=\"aligncenter size-full wp-image-6541\" title=\"310510 roser\" src=\"http:\/\/www.syenlap.dk\/wp-content\/uploads\/2010\/05\/310510-roser.jpg\" alt=\"\" width=\"500\" height=\"450\" \/><\/a><\/p>\n<p>Jeg k\u00f8bte ogs\u00e5 en rose, som skal plantes i en krukke p\u00e5 terrassen, hvor jeg i forvejen har 2 opstammede roser, som trives fint, nu p\u00e5 11. \u00e5r, og som st\u00e5r ude om vinteren, blot trukket lidt ind i l\u00e6 under altanen.<\/p>\n<p>Denne rose har den mest fantastiske sarte lyslilla farve, og s\u00e5 dufter den helt utroligt! Jeg er bange for, at det k\u00f8lige vejr er lovlig h\u00e5rdt, s\u00e5 jeg klippede de 3 udsprungne roser af og tog dem ind, s\u00e5 jeg kan nyde duften! N\u00e6rmest en anelse citrusagtig, men sandelig ogs\u00e5 rosenduft. Kan man forestille dig det?<\/p>\n<p><a href=\"http:\/\/www.syenlap.dk\/wp-content\/uploads\/2010\/05\/310510-blomst.jpg\" rel=\"lightbox[6537]\"><img loading=\"lazy\" decoding=\"async\" class=\"aligncenter size-full wp-image-6542\" title=\"310510 blomst\" src=\"http:\/\/www.syenlap.dk\/wp-content\/uploads\/2010\/05\/310510-blomst.jpg\" alt=\"\" width=\"500\" height=\"387\" \/><\/a><\/p>\n<p>Og s\u00e5 fik denne potteplante lov at komme ned i stuen, efter at den har st\u00e5et siden sidste sommer oppe i S\u00f8rens stue, hvor den et par gange om ugen er blevet overbruset, og nu har den f\u00e5et blomster! Jeg er bare s\u00e5 stolt! F\u00f8rste gang, den sk\u00f8d, blev det kun til nye blade, men nu er der 3 flotte blomster, der vokser. Den hedder &#8220;Medinilla&#8221;, og jeg havde aldrig set den, f\u00f8r jeg fik den i f\u00f8dselsdagsgave sidste sommer. Den beholder blomsterne i m\u00e5nedsvis, men jeg vidste jo ikke, om jeg kunne holde liv i den og f\u00e5r den til at blomstre igen. S\u00e5 det er da lidt sp\u00e6ndende!<\/p>\n","protected":false},"excerpt":{"rendered":"<p>N\u00e5r jeg har &#8220;fri&#8221; fra mit \u00bd-tids kustodejob p\u00e5 L\u00f8ndal (benene kan ikke klare at st\u00e5 mere end 4 timer), skal jeg jo ogs\u00e5 se alle udstillernes stande. Nogle n\u00e5ede jeg l\u00f8rdag, hvor det var s\u00e5 dejligt vejr, sammen med &hellip; <a href=\"http:\/\/www.syenlap.dk\/?p=6537\">L\u00e6s resten <span class=\"meta-nav\">&rarr;<\/span><\/a><\/p>\n","protected":false},"author":2,"featured_media":0,"comment_status":"open","ping_status":"open","sticky":false,"template":"","format":"standard","meta":{"footnotes":""},"categories":[3,7],"tags":[],"class_list":["post-6537","post","type-post","status-publish","format-standard","hentry","category-dagligdagen","category-glder-og-sorger"],"_links":{"self":[{"href":"http:\/\/www.syenlap.dk\/index.php?rest_route=\/wp\/v2\/posts\/6537","targetHints":{"allow":["GET"]}}],"collection":[{"href":"http:\/\/www.syenlap.dk\/index.php?rest_route=\/wp\/v2\/posts"}],"about":[{"href":"http:\/\/www.syenlap.dk\/index.php?rest_route=\/wp\/v2\/types\/post"}],"author":[{"embeddable":true,"href":"http:\/\/www.syenlap.dk\/index.php?rest_route=\/wp\/v2\/users\/2"}],"replies":[{"embeddable":true,"href":"http:\/\/www.syenlap.dk\/index.php?rest_route=%2Fwp%2Fv2%2Fcomments&post=6537"}],"version-history":[{"count":0,"href":"http:\/\/www.syenlap.dk\/index.php?rest_route=\/wp\/v2\/posts\/6537\/revisions"}],"wp:attachment":[{"href":"http:\/\/www.syenlap.dk\/index.php?rest_route=%2Fwp%2Fv2%2Fmedia&parent=6537"}],"wp:term":[{"taxonomy":"category","embeddable":true,"href":"http:\/\/www.syenlap.dk\/index.php?rest_route=%2Fwp%2Fv2%2Fcategories&post=6537"},{"taxonomy":"post_tag","embeddable":true,"href":"http:\/\/www.syenlap.dk\/index.php?rest_route=%2Fwp%2Fv2%2Ftags&post=6537"}],"curies":[{"name":"wp","href":"https:\/\/api.w.org\/{rel}","templated":true}]}}