{"id":6670,"date":"2010-06-11T21:19:51","date_gmt":"2010-06-11T19:19:51","guid":{"rendered":"http:\/\/www.syenlap.dk\/?p=6670"},"modified":"2010-06-11T21:19:51","modified_gmt":"2010-06-11T19:19:51","slug":"sa-meget-om-puttet%c3%a6pper","status":"publish","type":"post","link":"http:\/\/www.syenlap.dk\/?p=6670","title":{"rendered":"S\u00e5 meget om puttet\u00e6pper!"},"content":{"rendered":"<p>P\u00e5 Quiltefestivalen i Aulby fik jeg en pose stopfuld med blokke til puttet\u00e6pper, b\u00e5de 2010 m\u00f8nsteret og 2009-m\u00f8nsteret, som jo skulle have v\u00e6ret afleveret i januar. Men da der var 33 blokke, kan der blive til et helt t\u00e6ppe, s\u00e5 er det OK, og det er fine klare farver, s\u00e5 det er jeg i gang med at montere.<\/p>\n<p><a href=\"http:\/\/www.syenlap.dk\/wp-content\/uploads\/2010\/06\/110610-blokke.jpg\" rel=\"lightbox[6670]\"><img loading=\"lazy\" decoding=\"async\" class=\"aligncenter size-full wp-image-6671\" title=\"110610 blokke\" src=\"http:\/\/www.syenlap.dk\/wp-content\/uploads\/2010\/06\/110610-blokke.jpg\" alt=\"\" width=\"500\" height=\"667\" \/><\/a><\/p>\n<p>Og s\u00e5 er der kommet 2 dejlige blade: Kludemagasinet i g\u00e5r og H\u00e5ndarbejdsbladet &#8211; i tr\u00e5d med tiden &#8211;\u00a0i dag<\/p>\n<p><a href=\"http:\/\/www.syenlap.dk\/wp-content\/uploads\/2010\/06\/110610-blade.jpg\" rel=\"lightbox[6670]\"><img loading=\"lazy\" decoding=\"async\" class=\"aligncenter size-full wp-image-6672\" title=\"110610 blade\" src=\"http:\/\/www.syenlap.dk\/wp-content\/uploads\/2010\/06\/110610-blade.jpg\" alt=\"\" width=\"500\" height=\"356\" \/><\/a><\/p>\n<p>I dem begge er der artikler om Projekt Puttet\u00e6pper! I Kludemagasinet handler den store 4-siders &#8220;Kvartalets Quilter&#8221; om en af vore mest flittige og dygtige t\u00e6ppetanter &#8211; Birgith Lorenz &#8211; det er en rigtig god artikel og dejlige billeder af nogle af Birgiths flotte t\u00e6pper og hendes fiskekasser med dele til fremtidige t\u00e6pper, som jeg ogs\u00e5 har beskrevet <a href=\"http:\/\/www.syenlap.dk\/?p=4782\" target=\"_blank\">her p\u00e5 bloggen<\/a>, da styregruppen i PP bes\u00f8gte Birgith sidste \u00e5r.<\/p>\n<p>Jeg gl\u00e6der mig meget over, at Kludemagasinet ogs\u00e5 lader andre f\u00e5 indblik i en dygtig quilters arbejde.<\/p>\n<p>H\u00e5ndarbejdsbladet har 2 fine artikler om <a href=\"http:\/\/hanneshjemmeside.dk\/\" target=\"_blank\">HANNEs<\/a> og et meget specielt kursus, hun har afholdt med Vikki Pignatelli og Lone Schaadt i det lille forsamlingshus i Vejerslev!<\/p>\n<p>Og om Projekt Puttet\u00e6pper og mig!<\/p>\n<p><a href=\"http:\/\/www.syenlap.dk\/wp-content\/uploads\/2010\/06\/110610-art2.jpg\" rel=\"lightbox[6670]\"><img loading=\"lazy\" decoding=\"async\" class=\"aligncenter size-full wp-image-6674\" title=\"110610 art2\" src=\"http:\/\/www.syenlap.dk\/wp-content\/uploads\/2010\/06\/110610-art2.jpg\" alt=\"\" width=\"500\" height=\"367\" \/><\/a><\/p>\n<p>Det kan jeg da kun v\u00e6re glad og stolt over!<\/p>\n<p><a href=\"http:\/\/www.syenlap.dk\/wp-content\/uploads\/2010\/06\/110610-art1.jpg\" rel=\"lightbox[6670]\"><img loading=\"lazy\" decoding=\"async\" class=\"aligncenter size-full wp-image-6675\" title=\"110610 art1\" src=\"http:\/\/www.syenlap.dk\/wp-content\/uploads\/2010\/06\/110610-art1.jpg\" alt=\"\" width=\"500\" height=\"378\" \/><\/a><\/p>\n<p>Redakt\u00f8ren mener, at der vil komme yderligere blokke til puttet\u00e6pper p\u00e5 grundlag af artiklen og m\u00f8nsteret, som f\u00f8lger med bladet! Ja, det er s\u00e5 ogs\u00e5 i orden! Det er sp\u00e6ndende, om hun har ret! Vi skal nok f\u00e5 lavet t\u00e6pper af dem, hvis hun f\u00e5r ret.<\/p>\n<p>H\u00e5ndarbejdsbladet kan bl.a. k\u00f8bes i <a href=\"http:\/\/www.hannesnetbutik.dk\/shop2.asp?page_id=7&amp;cmd=proddetail&amp;cat=230,229,0&amp;prod_id=6699\" target=\"_blank\">HANNE&#8217;s netbutik<\/a>.<\/p>\n","protected":false},"excerpt":{"rendered":"<p>P\u00e5 Quiltefestivalen i Aulby fik jeg en pose stopfuld med blokke til puttet\u00e6pper, b\u00e5de 2010 m\u00f8nsteret og 2009-m\u00f8nsteret, som jo skulle have v\u00e6ret afleveret i januar. Men da der var 33 blokke, kan der blive til et helt t\u00e6ppe, s\u00e5 &hellip; <a href=\"http:\/\/www.syenlap.dk\/?p=6670\">L\u00e6s resten <span class=\"meta-nav\">&rarr;<\/span><\/a><\/p>\n","protected":false},"author":2,"featured_media":0,"comment_status":"open","ping_status":"open","sticky":false,"template":"","format":"standard","meta":{"footnotes":""},"categories":[15],"tags":[],"class_list":["post-6670","post","type-post","status-publish","format-standard","hentry","category-patchwork"],"_links":{"self":[{"href":"http:\/\/www.syenlap.dk\/index.php?rest_route=\/wp\/v2\/posts\/6670","targetHints":{"allow":["GET"]}}],"collection":[{"href":"http:\/\/www.syenlap.dk\/index.php?rest_route=\/wp\/v2\/posts"}],"about":[{"href":"http:\/\/www.syenlap.dk\/index.php?rest_route=\/wp\/v2\/types\/post"}],"author":[{"embeddable":true,"href":"http:\/\/www.syenlap.dk\/index.php?rest_route=\/wp\/v2\/users\/2"}],"replies":[{"embeddable":true,"href":"http:\/\/www.syenlap.dk\/index.php?rest_route=%2Fwp%2Fv2%2Fcomments&post=6670"}],"version-history":[{"count":0,"href":"http:\/\/www.syenlap.dk\/index.php?rest_route=\/wp\/v2\/posts\/6670\/revisions"}],"wp:attachment":[{"href":"http:\/\/www.syenlap.dk\/index.php?rest_route=%2Fwp%2Fv2%2Fmedia&parent=6670"}],"wp:term":[{"taxonomy":"category","embeddable":true,"href":"http:\/\/www.syenlap.dk\/index.php?rest_route=%2Fwp%2Fv2%2Fcategories&post=6670"},{"taxonomy":"post_tag","embeddable":true,"href":"http:\/\/www.syenlap.dk\/index.php?rest_route=%2Fwp%2Fv2%2Ftags&post=6670"}],"curies":[{"name":"wp","href":"https:\/\/api.w.org\/{rel}","templated":true}]}}