{"id":6836,"date":"2010-07-01T13:40:01","date_gmt":"2010-07-01T11:40:01","guid":{"rendered":"http:\/\/www.syenlap.dk\/?p=6836"},"modified":"2010-07-01T13:40:01","modified_gmt":"2010-07-01T11:40:01","slug":"indk%c3%b8b-og-sysler-pa-ferien","status":"publish","type":"post","link":"http:\/\/www.syenlap.dk\/?p=6836","title":{"rendered":"Indk\u00f8b og sysler p\u00e5 ferien"},"content":{"rendered":"<p><a href=\"http:\/\/www.syenlap.dk\/wp-content\/uploads\/2010\/07\/hvide-hus.jpg\" rel=\"lightbox[6836]\"><img loading=\"lazy\" decoding=\"async\" class=\"aligncenter size-full wp-image-6837\" title=\"hvide hus\" src=\"http:\/\/www.syenlap.dk\/wp-content\/uploads\/2010\/07\/hvide-hus.jpg\" alt=\"\" width=\"491\" height=\"350\" \/><\/a><\/p>\n<p>N\u00e5r man holder ferie, skal man da ogs\u00e5 have noget h\u00e5ndgribeligt med hjem &#8211; ikk&#8217; ? S\u00e5 vi shopper ogs\u00e5 i forskellige sp\u00e6ndende butikker rundt p\u00e5 Bornholm &#8211; og der er jo nok at bes\u00f8ge! I g\u00e5r bes\u00f8gte vi det meget l\u00e6kre &#8220;Hvide Hus&#8221; ved Gudhjem, hvor jeg har v\u00e6ret f\u00f8r. Der er s\u00e5 meget l\u00e6kkert at kigge p\u00e5 &#8211; i den dyre, men ogs\u00e5 kvalitetsm\u00e6ssigt h\u00f8je kategori. T\u00f8j til b\u00e5de ham og hende &#8211; ja, s\u00f8nnen ville egentlig ikke have v\u00e6et med, fordi han regnede det til &#8220;pige-ting&#8221;, men han pr\u00f8vede og k\u00f8bte ogs\u00e5 en str\u00e5hat til at sk\u00e5ne hovedet mod solen. Det samme gjorde jeg, for jeg kan godt m\u00e6rke, jeg skal passe p\u00e5 med mit tynde h\u00e5r, men jeg bliver vist aldrig dus med at g\u00e5 med hat! Svigerdatteren sprang ud i det og k\u00f8bte en super l\u00e6kker vinterfrakke, den er s\u00e5 flot til hende.<\/p>\n<p>Og jeg faldt pladask for denne l\u00e6kre taske, jeg kunne simpelthen ikke ikke undlade at tage den med hjem! Den har en rigtig god st\u00f8rrelse, der kan v\u00e6re meget i den, uden at det er i indk\u00f8bstaske st\u00f8rrelse og noget mindre end min sk\u00f8nne Namaste strikketaske, som jeg har med herover med b\u00e5de strikke- og syt\u00f8j. Der kan sagtens v\u00e6re et strikket\u00f8j i den, og der er mange lommer til alt muligt. Det bedste er skindet, som er tykt og\u00a0bl\u00f8dt. Den bliver jeg glad for!<\/p>\n<p><a href=\"http:\/\/www.syenlap.dk\/wp-content\/uploads\/2010\/07\/taske.jpg\" rel=\"lightbox[6836]\"><img loading=\"lazy\" decoding=\"async\" class=\"aligncenter size-full wp-image-6839\" title=\"taske\" src=\"http:\/\/www.syenlap.dk\/wp-content\/uploads\/2010\/07\/taske.jpg\" alt=\"\" width=\"510\" height=\"347\" \/><\/a><\/p>\n<p>Vi var ogs\u00e5 p\u00e5 bolchekogeriet i Svaneke!<\/p>\n<p><a href=\"http:\/\/www.syenlap.dk\/wp-content\/uploads\/2010\/07\/010710-007.jpg\" rel=\"lightbox[6836]\"><img loading=\"lazy\" decoding=\"async\" class=\"aligncenter size-full wp-image-6838\" title=\"010710 007\" src=\"http:\/\/www.syenlap.dk\/wp-content\/uploads\/2010\/07\/010710-007.jpg\" alt=\"\" width=\"497\" height=\"407\" \/><\/a><\/p>\n<p>Og der kom jo ogs\u00e5 noget med hjem &#8211; der kommer af og til b\u00f8rn &#8211; nabo- og b\u00f8rneb\u00f8rn &#8211; p\u00e5 bes\u00f8g, og hvem ved, hvorn\u00e5r jeg kommer herover igen?<\/p>\n<p><a href=\"http:\/\/www.syenlap.dk\/wp-content\/uploads\/2010\/07\/bolcher.jpg\" rel=\"lightbox[6836]\"><img loading=\"lazy\" decoding=\"async\" class=\"aligncenter size-full wp-image-6840\" title=\"bolcher\" src=\"http:\/\/www.syenlap.dk\/wp-content\/uploads\/2010\/07\/bolcher.jpg\" alt=\"\" width=\"495\" height=\"370\" \/><\/a><\/p>\n<p>Nu kan jeg ikke holde til de lange traveture med naturvejleder S\u00f8ren Sillehoved, som s\u00f8n og svigerdatter er blevet s\u00e5 begejstrede for, men det g\u00f8r ikke spor, for s\u00e5 hygger vi 2 &#8220;gamle&#8221; os her, eller hunden og jeg. Jeg synes, det er dejligt sidde i solen med mit strikket\u00f8j, jeg har f\u00e5et startet op p\u00e5 en FLS = February Lady Sweater i meget tyndt garn: Geilsk tynd bomuld\/uld (den gamle). Det kr\u00e6ver lidt regnearbejde, fordi det er s\u00e5 tyndt garn, men det er netop meningen, at det skal v\u00e6re en meget let sommertr\u00f8je, og det er meget dejligt at strikke i.<\/p>\n<p><a href=\"http:\/\/www.syenlap.dk\/wp-content\/uploads\/2010\/07\/fls.jpg\" rel=\"lightbox[6836]\"><img loading=\"lazy\" decoding=\"async\" class=\"aligncenter size-full wp-image-6841\" title=\"fls\" src=\"http:\/\/www.syenlap.dk\/wp-content\/uploads\/2010\/07\/fls.jpg\" alt=\"\" width=\"508\" height=\"361\" \/><\/a><\/p>\n<p>Den praktiske sytaske, som Ann i Vancouver lavede til mig for 7 \u00e5r siden, da jeg skulle flyve til Filippinerne er ogs\u00e5 med p\u00e5 Bornholm. Den har gode plastiklommer med lynl\u00e5s til alle de forskellige sygrejer, skabeloner mm, s\u00e5 der er styr p\u00e5 det hele, n\u00e5r jeg nu omsider &#8211; grin bare! &#8211; er g\u00e5et i gang med &#8220;Ud i det bl\u00e5&#8221;-m\u00e5nedsprojektet fra <a href=\"http:\/\/hanneshjemmeside.dk\/\" target=\"_blank\">HANNE&#8217;s<\/a>, det som andre syede for 3-4 \u00e5r siden!<\/p>\n<p><a href=\"http:\/\/www.syenlap.dk\/wp-content\/uploads\/2010\/07\/sytaske.jpg\" rel=\"lightbox[6836]\"><img loading=\"lazy\" decoding=\"async\" class=\"aligncenter size-full wp-image-6842\" title=\"sytaske\" src=\"http:\/\/www.syenlap.dk\/wp-content\/uploads\/2010\/07\/sytaske.jpg\" alt=\"\" width=\"497\" height=\"323\" \/><\/a><\/p>\n<p>Det fik jeg ikke syet den gang, men nu tr\u00e6ngte jeg lige til et projekt &#8220;over pap&#8221;, og\u00a0 jeg kender jo resultatet og ved, at det bliver rigtig flot.<\/p>\n<p><a href=\"http:\/\/www.syenlap.dk\/wp-content\/uploads\/2010\/07\/ud-i-det-bl\u00e5.jpg\" rel=\"lightbox[6836]\"><img loading=\"lazy\" decoding=\"async\" class=\"aligncenter size-full wp-image-6843\" title=\"ud i det bl\u00e5\" src=\"http:\/\/www.syenlap.dk\/wp-content\/uploads\/2010\/07\/ud-i-det-bl\u00e5.jpg\" alt=\"\" width=\"491\" height=\"350\" \/><\/a><\/p>\n<p>S\u00e5 det syr jeg p\u00e5 i solen!<\/p>\n","protected":false},"excerpt":{"rendered":"<p>N\u00e5r man holder ferie, skal man da ogs\u00e5 have noget h\u00e5ndgribeligt med hjem &#8211; ikk&#8217; ? S\u00e5 vi shopper ogs\u00e5 i forskellige sp\u00e6ndende butikker rundt p\u00e5 Bornholm &#8211; og der er jo nok at bes\u00f8ge! I g\u00e5r bes\u00f8gte vi det &hellip; <a href=\"http:\/\/www.syenlap.dk\/?p=6836\">L\u00e6s resten <span class=\"meta-nav\">&rarr;<\/span><\/a><\/p>\n","protected":false},"author":2,"featured_media":0,"comment_status":"open","ping_status":"open","sticky":false,"template":"","format":"standard","meta":{"footnotes":""},"categories":[1],"tags":[],"class_list":["post-6836","post","type-post","status-publish","format-standard","hentry","category-ikke-kategoriseret"],"_links":{"self":[{"href":"http:\/\/www.syenlap.dk\/index.php?rest_route=\/wp\/v2\/posts\/6836","targetHints":{"allow":["GET"]}}],"collection":[{"href":"http:\/\/www.syenlap.dk\/index.php?rest_route=\/wp\/v2\/posts"}],"about":[{"href":"http:\/\/www.syenlap.dk\/index.php?rest_route=\/wp\/v2\/types\/post"}],"author":[{"embeddable":true,"href":"http:\/\/www.syenlap.dk\/index.php?rest_route=\/wp\/v2\/users\/2"}],"replies":[{"embeddable":true,"href":"http:\/\/www.syenlap.dk\/index.php?rest_route=%2Fwp%2Fv2%2Fcomments&post=6836"}],"version-history":[{"count":0,"href":"http:\/\/www.syenlap.dk\/index.php?rest_route=\/wp\/v2\/posts\/6836\/revisions"}],"wp:attachment":[{"href":"http:\/\/www.syenlap.dk\/index.php?rest_route=%2Fwp%2Fv2%2Fmedia&parent=6836"}],"wp:term":[{"taxonomy":"category","embeddable":true,"href":"http:\/\/www.syenlap.dk\/index.php?rest_route=%2Fwp%2Fv2%2Fcategories&post=6836"},{"taxonomy":"post_tag","embeddable":true,"href":"http:\/\/www.syenlap.dk\/index.php?rest_route=%2Fwp%2Fv2%2Ftags&post=6836"}],"curies":[{"name":"wp","href":"https:\/\/api.w.org\/{rel}","templated":true}]}}