{"id":6849,"date":"2010-07-02T13:18:48","date_gmt":"2010-07-02T11:18:48","guid":{"rendered":"http:\/\/www.syenlap.dk\/?p=6849"},"modified":"2010-07-02T13:18:48","modified_gmt":"2010-07-02T11:18:48","slug":"sidste-feriedage","status":"publish","type":"post","link":"http:\/\/www.syenlap.dk\/?p=6849","title":{"rendered":"Sidste feriedage"},"content":{"rendered":"<p>De sidste dage af ferien har vi igen k\u00f8rt nogle ture rundt og set en masse af den dejlige natur. Jeg er n\u00f8dt til at afst\u00e5 fra de strabadserende ture, men jeg kunne godt tage med og se Jons Kapel ovenfra! Mens familien kravlede ned af trapperne..<\/p>\n<p><a href=\"http:\/\/www.syenlap.dk\/wp-content\/uploads\/2010\/07\/jons-kapel.jpg\" rel=\"lightbox[6849]\"><img loading=\"lazy\" decoding=\"async\" class=\"aligncenter size-full wp-image-6850\" title=\"jons kapel\" src=\"http:\/\/www.syenlap.dk\/wp-content\/uploads\/2010\/07\/jons-kapel.jpg\" alt=\"\" width=\"518\" height=\"397\" \/><\/a><\/p>\n<p><a href=\"http:\/\/www.syenlap.dk\/wp-content\/uploads\/2010\/07\/jons-kapel1.jpg\" rel=\"lightbox[6849]\"><img loading=\"lazy\" decoding=\"async\" class=\"aligncenter size-full wp-image-6857\" title=\"jons kapel\" src=\"http:\/\/www.syenlap.dk\/wp-content\/uploads\/2010\/07\/jons-kapel1.jpg\" alt=\"\" width=\"510\" height=\"377\" \/><\/a><\/p>\n<p>..passede C\u00e6zar og jeg p\u00e5 hinanden. Han er en dejlig og k\u00e6rlig hund, men for st\u00e6rk til, at jeg kan g\u00e5 med ham.<\/p>\n<p><a href=\"http:\/\/www.syenlap.dk\/wp-content\/uploads\/2010\/07\/c\u00e6zar.jpg\" rel=\"lightbox[6849]\"><img loading=\"lazy\" decoding=\"async\" class=\"aligncenter size-full wp-image-6858\" title=\"c\u00e6zar\" src=\"http:\/\/www.syenlap.dk\/wp-content\/uploads\/2010\/07\/c\u00e6zar.jpg\" alt=\"\" width=\"491\" height=\"519\" \/><\/a><\/p>\n<p>Vi bes\u00f8gte ogs\u00e5 en s\u00f8d patchworkudstilling i Klemensker og s\u00e5 nogle meget k\u00f8nne t\u00e6pper &#8211; her et lille udvalg.<\/p>\n<p><a href=\"http:\/\/www.syenlap.dk\/wp-content\/uploads\/2010\/07\/bl\u00e5-broderier.jpg\" rel=\"lightbox[6849]\"><img loading=\"lazy\" decoding=\"async\" class=\"aligncenter size-full wp-image-6851\" title=\"bl\u00e5 broderier\" src=\"http:\/\/www.syenlap.dk\/wp-content\/uploads\/2010\/07\/bl\u00e5-broderier.jpg\" alt=\"\" width=\"508\" height=\"508\" \/><\/a><\/p>\n<p><a href=\"http:\/\/www.syenlap.dk\/wp-content\/uploads\/2010\/07\/attic-window.jpg\" rel=\"lightbox[6849]\"><img loading=\"lazy\" decoding=\"async\" class=\"aligncenter size-full wp-image-6852\" title=\"attic window\" src=\"http:\/\/www.syenlap.dk\/wp-content\/uploads\/2010\/07\/attic-window.jpg\" alt=\"\" width=\"487\" height=\"673\" \/><\/a><\/p>\n<p><a href=\"http:\/\/www.syenlap.dk\/wp-content\/uploads\/2010\/07\/drunkards-path.jpg\" rel=\"lightbox[6849]\"><img loading=\"lazy\" decoding=\"async\" class=\"aligncenter size-full wp-image-6853\" title=\"drunkards path\" src=\"http:\/\/www.syenlap.dk\/wp-content\/uploads\/2010\/07\/drunkards-path.jpg\" alt=\"\" width=\"476\" height=\"641\" \/><\/a><\/p>\n<p><a href=\"http:\/\/www.syenlap.dk\/wp-content\/uploads\/2010\/07\/billeder.jpg\" rel=\"lightbox[6849]\"><img loading=\"lazy\" decoding=\"async\" class=\"aligncenter size-full wp-image-6854\" title=\"billeder\" src=\"http:\/\/www.syenlap.dk\/wp-content\/uploads\/2010\/07\/billeder.jpg\" alt=\"\" width=\"471\" height=\"576\" \/><\/a><\/p>\n<p>Der var ogs\u00e5 udstillede fotografier og en kombination.<\/p>\n<p><a href=\"http:\/\/www.syenlap.dk\/wp-content\/uploads\/2010\/07\/vandrerhjem.jpg\" rel=\"lightbox[6849]\"><img loading=\"lazy\" decoding=\"async\" class=\"aligncenter size-full wp-image-6855\" title=\"vandrerhjem\" src=\"http:\/\/www.syenlap.dk\/wp-content\/uploads\/2010\/07\/vandrerhjem.jpg\" alt=\"\" width=\"501\" height=\"395\" \/><\/a><\/p>\n<p>I Hasle gens\u00e5 jeg det gamle vanderhjem, hvor jeg har holdt flere ferier som meget ung &#8211; det var virkelig nostalgisk!<\/p>\n<p><a href=\"http:\/\/www.syenlap.dk\/wp-content\/uploads\/2010\/07\/r\u00f8geri.jpg\" rel=\"lightbox[6849]\"><img loading=\"lazy\" decoding=\"async\" class=\"aligncenter size-full wp-image-6856\" title=\"r\u00f8geri\" src=\"http:\/\/www.syenlap.dk\/wp-content\/uploads\/2010\/07\/r\u00f8geri.jpg\" alt=\"\" width=\"512\" height=\"393\" \/><\/a><\/p>\n<p>Og det gamle r\u00f8geri, som eksisterer stadigv\u00e6k og er indrettet som museum. Det er meget smukt!<\/p>\n","protected":false},"excerpt":{"rendered":"<p>De sidste dage af ferien har vi igen k\u00f8rt nogle ture rundt og set en masse af den dejlige natur. Jeg er n\u00f8dt til at afst\u00e5 fra de strabadserende ture, men jeg kunne godt tage med og se Jons Kapel &hellip; <a href=\"http:\/\/www.syenlap.dk\/?p=6849\">L\u00e6s resten <span class=\"meta-nav\">&rarr;<\/span><\/a><\/p>\n","protected":false},"author":2,"featured_media":0,"comment_status":"open","ping_status":"open","sticky":false,"template":"","format":"standard","meta":{"footnotes":""},"categories":[5,12],"tags":[],"class_list":["post-6849","post","type-post","status-publish","format-standard","hentry","category-familien","category-oplevelser"],"_links":{"self":[{"href":"http:\/\/www.syenlap.dk\/index.php?rest_route=\/wp\/v2\/posts\/6849","targetHints":{"allow":["GET"]}}],"collection":[{"href":"http:\/\/www.syenlap.dk\/index.php?rest_route=\/wp\/v2\/posts"}],"about":[{"href":"http:\/\/www.syenlap.dk\/index.php?rest_route=\/wp\/v2\/types\/post"}],"author":[{"embeddable":true,"href":"http:\/\/www.syenlap.dk\/index.php?rest_route=\/wp\/v2\/users\/2"}],"replies":[{"embeddable":true,"href":"http:\/\/www.syenlap.dk\/index.php?rest_route=%2Fwp%2Fv2%2Fcomments&post=6849"}],"version-history":[{"count":0,"href":"http:\/\/www.syenlap.dk\/index.php?rest_route=\/wp\/v2\/posts\/6849\/revisions"}],"wp:attachment":[{"href":"http:\/\/www.syenlap.dk\/index.php?rest_route=%2Fwp%2Fv2%2Fmedia&parent=6849"}],"wp:term":[{"taxonomy":"category","embeddable":true,"href":"http:\/\/www.syenlap.dk\/index.php?rest_route=%2Fwp%2Fv2%2Fcategories&post=6849"},{"taxonomy":"post_tag","embeddable":true,"href":"http:\/\/www.syenlap.dk\/index.php?rest_route=%2Fwp%2Fv2%2Ftags&post=6849"}],"curies":[{"name":"wp","href":"https:\/\/api.w.org\/{rel}","templated":true}]}}