{"id":6915,"date":"2010-07-11T14:35:37","date_gmt":"2010-07-11T12:35:37","guid":{"rendered":"http:\/\/www.syenlap.dk\/?p=6915"},"modified":"2010-07-11T14:35:37","modified_gmt":"2010-07-11T12:35:37","slug":"en-dejlig-f%c3%b8dselsdag","status":"publish","type":"post","link":"http:\/\/www.syenlap.dk\/?p=6915","title":{"rendered":"En dejlig f\u00f8dselsdag"},"content":{"rendered":"<p>Tak for alle hilsner i g\u00e5r p\u00e5 min f\u00f8dselsdag! Det blev en dejlig dag, som sluttede med, at jeg havde 2 ferieb\u00f8rn med hjem til Whisky, som blev helt ellevild og superglad, han vidste n\u00e6rmest ikke, hvor han skulle g\u00f8re af sig selv, fordi de 2 mindste b\u00f8rneb\u00f8rn kom med mig. Derfor har der s\u00e5 heller ikke rigtig v\u00e6ret tid til at lave billeder!<\/p>\n<p><a href=\"http:\/\/www.syenlap.dk\/wp-content\/uploads\/2010\/07\/100710-f\u00f8dselsdag.jpg\" rel=\"lightbox[6915]\"><img loading=\"lazy\" decoding=\"async\" class=\"aligncenter size-full wp-image-6916\" title=\"100710 f\u00f8dselsdag\" src=\"http:\/\/www.syenlap.dk\/wp-content\/uploads\/2010\/07\/100710-f\u00f8dselsdag.jpg\" alt=\"\" width=\"500\" height=\"542\" \/><\/a><\/p>\n<p>Datteren ville gerne holde min f\u00f8dselsdag for mig, og hele eftermiddagen\/aftenen foregik i det fantastiske varme vejr i deres have&#8230;<\/p>\n<p><a href=\"http:\/\/www.syenlap.dk\/wp-content\/uploads\/2010\/07\/100710-f\u00f8dselsdag2.jpg\" rel=\"lightbox[6915]\"><img loading=\"lazy\" decoding=\"async\" class=\"aligncenter size-full wp-image-6917\" title=\"100710 f\u00f8dselsdag2\" src=\"http:\/\/www.syenlap.dk\/wp-content\/uploads\/2010\/07\/100710-f\u00f8dselsdag2.jpg\" alt=\"\" width=\"500\" height=\"408\" \/><\/a><\/p>\n<p>..hvor vi fik den i vores familie traditionelle is-chokolade og kringle. Ved alle sommer-f\u00f8dselsdage s\u00e5 l\u00e6nge jeg kan huske, har vi f\u00e5et dette: en klump vanilleis overh\u00e6ldt med kold kakao\/kakaom\u00e6lk + en top fl\u00f8deskum. Vi havde mange sommerf\u00f8dselsdage i min familie, s\u00e5 den tradition er jeg vokset op med, og mine b\u00f8rn liges\u00e5. Ligesom kransen af blomster omkring f\u00f8dselarens tallerken!<\/p>\n<p><a href=\"http:\/\/www.syenlap.dk\/wp-content\/uploads\/2010\/07\/100710-tapas.jpg\" rel=\"lightbox[6915]\"><img loading=\"lazy\" decoding=\"async\" class=\"aligncenter size-full wp-image-6919\" title=\"100710 tapas\" src=\"http:\/\/www.syenlap.dk\/wp-content\/uploads\/2010\/07\/100710-tapas.jpg\" alt=\"\" width=\"500\" height=\"577\" \/><\/a><a href=\"http:\/\/www.syenlap.dk\/wp-content\/uploads\/2010\/07\/100710-f\u00f8dselsdag21.jpg\" rel=\"lightbox[6915]\"><\/a><\/p>\n<p>Senere lavede datteren spansk &#8220;Tapas&#8221; med mange l\u00e6kre sm\u00e5retter, utroligt at hun orkede det i den varme &#8211; her er kun et lille udvalg!<\/p>\n<p><a href=\"http:\/\/www.syenlap.dk\/wp-content\/uploads\/2010\/07\/100710-vandgang.jpg\" rel=\"lightbox[6915]\"><img loading=\"lazy\" decoding=\"async\" class=\"aligncenter size-full wp-image-6920\" title=\"100710 vandgang\" src=\"http:\/\/www.syenlap.dk\/wp-content\/uploads\/2010\/07\/100710-vandgang.jpg\" alt=\"\" width=\"500\" height=\"463\" \/><\/a><\/p>\n<p>Indimellem blev der tid til meget sjov, Ebbe var meget t\u00e6t p\u00e5 en vandgang i baljen med \u00f8l og sodavand!&#8230;<\/p>\n<p><a href=\"http:\/\/www.syenlap.dk\/wp-content\/uploads\/2010\/07\/100710-bodil-drikker.jpg\" rel=\"lightbox[6915]\"><img loading=\"lazy\" decoding=\"async\" class=\"aligncenter size-full wp-image-6921\" title=\"100710 bodil drikker\" src=\"http:\/\/www.syenlap.dk\/wp-content\/uploads\/2010\/07\/100710-bodil-drikker.jpg\" alt=\"\" width=\"500\" height=\"409\" \/><\/a><\/p>\n<p>..som Bodil fandt ud af at bruge til noget mere fornuftigt!<\/p>\n<p><a href=\"http:\/\/www.syenlap.dk\/wp-content\/uploads\/2010\/07\/100710-bodils-t\u00e6ppe.jpg\" rel=\"lightbox[6915]\"><img loading=\"lazy\" decoding=\"async\" class=\"aligncenter size-full wp-image-6922\" title=\"100710 bodils t\u00e6ppe\" src=\"http:\/\/www.syenlap.dk\/wp-content\/uploads\/2010\/07\/100710-bodils-t\u00e6ppe.jpg\" alt=\"\" width=\"500\" height=\"379\" \/><\/a><\/p>\n<p>For det var jo dagen, hvor vi allesammen skulle l\u00e6re Bodil at kende!<\/p>\n<p><a href=\"http:\/\/www.syenlap.dk\/wp-content\/uploads\/2010\/07\/100710-christina-og-bodil.jpg\" rel=\"lightbox[6915]\"><img loading=\"lazy\" decoding=\"async\" class=\"aligncenter size-full wp-image-6923\" title=\"100710 christina og bodil\" src=\"http:\/\/www.syenlap.dk\/wp-content\/uploads\/2010\/07\/100710-christina-og-bodil.jpg\" alt=\"\" width=\"500\" height=\"530\" \/><\/a><\/p>\n<p>Bodil, nu 12 uger gammel, er nyeste medlem af familien, &#8220;babyen&#8221; hos datterfamilien.<\/p>\n<p><a href=\"http:\/\/www.syenlap.dk\/wp-content\/uploads\/2010\/07\/bodils-s\u00e6kkestol.jpg\" rel=\"lightbox[6915]\"><img loading=\"lazy\" decoding=\"async\" class=\"aligncenter size-full wp-image-6924\" title=\"bodils s\u00e6kkestol\" src=\"http:\/\/www.syenlap.dk\/wp-content\/uploads\/2010\/07\/bodils-s\u00e6kkestol.jpg\" alt=\"\" width=\"500\" height=\"426\" \/><\/a><\/p>\n<p>En lille Tibetaner, der bare vader ind i hjertet p\u00e5 os alle &#8211; modig, nysgerrig, dygtig til renlighed og lyder sit navn. Se nu her: hvad skal man med en dyr &#8220;Donut&#8221; (hundeseng), n\u00e5r drengene har en s\u00e6kkestol, syet af mig, selvf\u00f8lgelig, som de er vokset fra, men som Bodil er fuldst\u00e6ndig vild med<\/p>\n<p><a href=\"http:\/\/www.syenlap.dk\/wp-content\/uploads\/2010\/07\/bodils-s\u00e6kkestol2.jpg\" rel=\"lightbox[6915]\"><img loading=\"lazy\" decoding=\"async\" class=\"aligncenter size-full wp-image-6925\" title=\"bodils s\u00e6kkestol2\" src=\"http:\/\/www.syenlap.dk\/wp-content\/uploads\/2010\/07\/bodils-s\u00e6kkestol2.jpg\" alt=\"\" width=\"500\" height=\"413\" \/><\/a><\/p>\n<p><a href=\"http:\/\/www.syenlap.dk\/wp-content\/uploads\/2010\/07\/bodils-s\u00e6kkestol4.jpg\" rel=\"lightbox[6915]\"><img loading=\"lazy\" decoding=\"async\" class=\"aligncenter size-full wp-image-6927\" title=\"bodils s\u00e6kkestol4\" src=\"http:\/\/www.syenlap.dk\/wp-content\/uploads\/2010\/07\/bodils-s\u00e6kkestol4.jpg\" alt=\"\" width=\"500\" height=\"431\" \/><\/a><\/p>\n<p>Hun ligefrem vr\u00e6ler af fryd, n\u00e5r hun v\u00e6lter sig rundt i den!<\/p>\n<p><a href=\"http:\/\/www.syenlap.dk\/wp-content\/uploads\/2010\/07\/bodil-f\u00e5r-mad.jpg\" rel=\"lightbox[6915]\"><img loading=\"lazy\" decoding=\"async\" class=\"aligncenter size-full wp-image-6928\" title=\"bodil f\u00e5r mad\" src=\"http:\/\/www.syenlap.dk\/wp-content\/uploads\/2010\/07\/bodil-f\u00e5r-mad.jpg\" alt=\"\" width=\"500\" height=\"658\" \/><\/a><\/p>\n<p>Men n\u00e5r &#8220;Mor&#8221; blander torskerogn med A38 og hvalpefoder, s\u00e5 &#8220;danser&#8221; Bodil omkring og kan slet ikke vente..<\/p>\n<p><a href=\"http:\/\/www.syenlap.dk\/wp-content\/uploads\/2010\/07\/bodil-f\u00e5r-mad2.jpg\" rel=\"lightbox[6915]\"><img loading=\"lazy\" decoding=\"async\" class=\"aligncenter size-full wp-image-6929\" title=\"bodil f\u00e5r mad2\" src=\"http:\/\/www.syenlap.dk\/wp-content\/uploads\/2010\/07\/bodil-f\u00e5r-mad2.jpg\" alt=\"\" width=\"500\" height=\"399\" \/><\/a><\/p>\n<p>..og det forsvinder p\u00e5 et \u00f8jeblik!<\/p>\n<p>Bodil er et sk\u00f8nt bekendtskab. Alle er fuldst\u00e6ndig charmerede af hende, s\u00e5 det bliver sp\u00e6ndende at f\u00f8lge hende!<\/p>\n<p>Jeg fik ogs\u00e5 dejlige f\u00f8dselsdagsgaver: et nyt kamera af alle mine b\u00f8rn\/b\u00f8rneb\u00f8rn og et st\u00e6rkt \u00f8nsket portr\u00e6t af S\u00f8ren, taget af hans nu ogs\u00e5 afd\u00f8de barndomsven Johannes i Provence, fundet i hans arkiver af Shirley og nu fremkaldt og indrammet af en rigtig fotograf og ikke &#8220;bare&#8221; skrevet ud p\u00e5 en printer. Det fik jeg af Bodil\/Jinpa (hendes officielle tibetanske navn), og det er jeg meget glad for! Det er s\u00e5dan et godt og typisk billede af S\u00f8ren. Jeg kom igennem dagen uden at savne ham alt for meget, og det er dejligt, at vi alle &#8211; ogs\u00e5 b\u00f8rneb\u00f8rnene &#8211; kan snakke om ham og vedkende os savnet.<\/p>\n<p>Dagen endte med, at de 2 mindste b\u00f8rneb\u00f8rn og jeg kl 23.30 gik tur med Whisky, hvor vi ogs\u00e5 fik en lille snak om Morfar\/Farfar og om han kunne se os nu?!<\/p>\n","protected":false},"excerpt":{"rendered":"<p>Tak for alle hilsner i g\u00e5r p\u00e5 min f\u00f8dselsdag! Det blev en dejlig dag, som sluttede med, at jeg havde 2 ferieb\u00f8rn med hjem til Whisky, som blev helt ellevild og superglad, han vidste n\u00e6rmest ikke, hvor han skulle g\u00f8re &hellip; <a href=\"http:\/\/www.syenlap.dk\/?p=6915\">L\u00e6s resten <span class=\"meta-nav\">&rarr;<\/span><\/a><\/p>\n","protected":false},"author":2,"featured_media":0,"comment_status":"open","ping_status":"open","sticky":false,"template":"","format":"standard","meta":{"footnotes":""},"categories":[5,7,10],"tags":[],"class_list":["post-6915","post","type-post","status-publish","format-standard","hentry","category-familien","category-glder-og-sorger","category-mad"],"_links":{"self":[{"href":"http:\/\/www.syenlap.dk\/index.php?rest_route=\/wp\/v2\/posts\/6915","targetHints":{"allow":["GET"]}}],"collection":[{"href":"http:\/\/www.syenlap.dk\/index.php?rest_route=\/wp\/v2\/posts"}],"about":[{"href":"http:\/\/www.syenlap.dk\/index.php?rest_route=\/wp\/v2\/types\/post"}],"author":[{"embeddable":true,"href":"http:\/\/www.syenlap.dk\/index.php?rest_route=\/wp\/v2\/users\/2"}],"replies":[{"embeddable":true,"href":"http:\/\/www.syenlap.dk\/index.php?rest_route=%2Fwp%2Fv2%2Fcomments&post=6915"}],"version-history":[{"count":0,"href":"http:\/\/www.syenlap.dk\/index.php?rest_route=\/wp\/v2\/posts\/6915\/revisions"}],"wp:attachment":[{"href":"http:\/\/www.syenlap.dk\/index.php?rest_route=%2Fwp%2Fv2%2Fmedia&parent=6915"}],"wp:term":[{"taxonomy":"category","embeddable":true,"href":"http:\/\/www.syenlap.dk\/index.php?rest_route=%2Fwp%2Fv2%2Fcategories&post=6915"},{"taxonomy":"post_tag","embeddable":true,"href":"http:\/\/www.syenlap.dk\/index.php?rest_route=%2Fwp%2Fv2%2Ftags&post=6915"}],"curies":[{"name":"wp","href":"https:\/\/api.w.org\/{rel}","templated":true}]}}