{"id":714,"date":"2008-10-10T19:49:01","date_gmt":"2008-10-10T17:49:01","guid":{"rendered":"http:\/\/www.syenlap.dk\/?p=714"},"modified":"2008-10-10T19:49:01","modified_gmt":"2008-10-10T17:49:01","slug":"i-morgen-er-de-v%c3%a6k","status":"publish","type":"post","link":"http:\/\/www.syenlap.dk\/?p=714","title":{"rendered":"I morgen er de v\u00e6k"},"content":{"rendered":"<p><a href=\"http:\/\/www.syenlap.dk\/wp-content\/uploads\/2008\/10\/lc3b8n.jpg\" rel=\"lightbox[714]\"><img loading=\"lazy\" decoding=\"async\" class=\"alignnone size-full wp-image-715\" title=\"loen\" src=\"http:\/\/www.syenlap.dk\/wp-content\/uploads\/2008\/10\/lc3b8n.jpg\" alt=\"\" width=\"450\" height=\"308\" \/><\/a><\/p>\n<p>I morgen er de v\u00e6k &#8211; bladene p\u00e5 den canadiske l\u00f8n hos naboen &#8211; er vi bange for! Bare lidt bl\u00e6st vil feje dem af tr\u00e6erne og give arbejde til de 2 hold naboer med at fjerne dem fra fortovet.<\/p>\n<p><a href=\"http:\/\/www.syenlap.dk\/wp-content\/uploads\/2008\/10\/lc3b8n2.jpg\" rel=\"lightbox[714]\"><img loading=\"lazy\" decoding=\"async\" class=\"alignnone size-full wp-image-716\" title=\"lc3b8n2\" src=\"http:\/\/www.syenlap.dk\/wp-content\/uploads\/2008\/10\/lc3b8n2.jpg\" alt=\"\" width=\"450\" height=\"471\" \/><\/a><\/p>\n<p>Men flotte, det er de!<\/p>\n<p><a href=\"http:\/\/www.syenlap.dk\/wp-content\/uploads\/2008\/10\/hosta.jpg\" rel=\"lightbox[714]\"><img loading=\"lazy\" decoding=\"async\" class=\"alignleft size-medium wp-image-717\" title=\"hosta\" src=\"http:\/\/www.syenlap.dk\/wp-content\/uploads\/2008\/10\/hosta-241x300.jpg\" alt=\"\" width=\"241\" height=\"300\" \/><\/a><\/p>\n<p>\u00a0<\/p>\n<p>Vores Hosta har lagt sig ned og er gule og bl\u00f8de, et helt tydeligt tegn p\u00e5 efter\u00e5rsforfaldet, men heldigvis vil de v\u00e6re store,\u00a0gr\u00f8nne og sp\u00e6ndstige n\u00e6ste \u00e5r igen.<\/p>\n<p>\u00a0<\/p>\n<p>Og i morgen kommer 2 af b\u00f8rneb\u00f8rnene p\u00e5 efter\u00e5rsferie!<br \/>\nVi gl\u00e6der os!<\/p>\n","protected":false},"excerpt":{"rendered":"<p>I morgen er de v\u00e6k &#8211; bladene p\u00e5 den canadiske l\u00f8n hos naboen &#8211; er vi bange for! Bare lidt bl\u00e6st vil feje dem af tr\u00e6erne og give arbejde til de 2 hold naboer med at fjerne dem fra fortovet. &hellip; <a href=\"http:\/\/www.syenlap.dk\/?p=714\">L\u00e6s resten <span class=\"meta-nav\">&rarr;<\/span><\/a><\/p>\n","protected":false},"author":2,"featured_media":0,"comment_status":"open","ping_status":"open","sticky":false,"template":"","format":"standard","meta":{"footnotes":""},"categories":[8],"tags":[],"class_list":["post-714","post","type-post","status-publish","format-standard","hentry","category-haven"],"_links":{"self":[{"href":"http:\/\/www.syenlap.dk\/index.php?rest_route=\/wp\/v2\/posts\/714","targetHints":{"allow":["GET"]}}],"collection":[{"href":"http:\/\/www.syenlap.dk\/index.php?rest_route=\/wp\/v2\/posts"}],"about":[{"href":"http:\/\/www.syenlap.dk\/index.php?rest_route=\/wp\/v2\/types\/post"}],"author":[{"embeddable":true,"href":"http:\/\/www.syenlap.dk\/index.php?rest_route=\/wp\/v2\/users\/2"}],"replies":[{"embeddable":true,"href":"http:\/\/www.syenlap.dk\/index.php?rest_route=%2Fwp%2Fv2%2Fcomments&post=714"}],"version-history":[{"count":0,"href":"http:\/\/www.syenlap.dk\/index.php?rest_route=\/wp\/v2\/posts\/714\/revisions"}],"wp:attachment":[{"href":"http:\/\/www.syenlap.dk\/index.php?rest_route=%2Fwp%2Fv2%2Fmedia&parent=714"}],"wp:term":[{"taxonomy":"category","embeddable":true,"href":"http:\/\/www.syenlap.dk\/index.php?rest_route=%2Fwp%2Fv2%2Fcategories&post=714"},{"taxonomy":"post_tag","embeddable":true,"href":"http:\/\/www.syenlap.dk\/index.php?rest_route=%2Fwp%2Fv2%2Ftags&post=714"}],"curies":[{"name":"wp","href":"https:\/\/api.w.org\/{rel}","templated":true}]}}