{"id":7141,"date":"2010-08-01T16:34:13","date_gmt":"2010-08-01T14:34:13","guid":{"rendered":"http:\/\/www.syenlap.dk\/?p=7141"},"modified":"2016-12-05T18:30:13","modified_gmt":"2016-12-05T16:30:13","slug":"gentagelse-af-kendte-m%c3%b8nstre","status":"publish","type":"post","link":"http:\/\/www.syenlap.dk\/?p=7141","title":{"rendered":"Gentagelse af kendte m\u00f8nstre"},"content":{"rendered":"<p>N\u00e5r jeg har strikket eller syet noget i et m\u00f8nster, jeg blir rigtig glad for, kan jeg godt lide at strikke el. sy\u00a0det igen &#8211; igen!<\/p>\n<p>Det er det samme med b\u00f8ger og film &#8211; jeg elsker at l\u00e6se en rigtig god bog igen, m\u00e5ske efter nogle \u00e5r, og m\u00e5ske igen efter yderligere nogle \u00e5r!<\/p>\n<p>Som nogle m\u00e5ske husker, strikkede jeg sidste \u00e5r denne lille vest i vendestrik og regnbuefarver til Christina, men desv\u00e6rre var hendes mor kommet til at vaske den for varmt\u00a0i maskinen her i for\u00e5ret, s\u00e5 den fik en ny ejer, og\u00a0Christina m\u00e5 selvf\u00f8lgelig have en ny.<\/p>\n<p><img decoding=\"async\" src=\"http:\/\/www.kludekoner.dk\/billeder\/s3230.jpg\" alt=\"\" border=\"0\" \/><\/p>\n<p>Hold da op, hvor det g\u00e5r st\u00e6rkt &#8211; jeg kan n\u00e6rmest ikke slippe strikket\u00f8jet, s\u00e5 dejligt er det at komme til at strikke den model igen! Garnet er dejligt at strikke af, modellen er sjov, fordi der hele tiden sker noget, og s\u00e5 er det jo bare retstrik derudaf!<\/p>\n<p><img loading=\"lazy\" decoding=\"async\" title=\"vendestrik vest\" src=\"http:\/\/www.syenlap.dk\/wp-content\/uploads\/2010\/08\/vendestrik-vest.jpg\" alt=\"\" width=\"500\" height=\"378\" \/><\/p>\n<p>Faktisk har jeg l\u00e6nge haft lyst til at strikke en tr\u00f8je mere til mig selv som denne:<\/p>\n<p><a href=\"http:\/\/www.syenlap.dk\/wp-content\/uploads\/2010\/08\/jakke-vendestrik.jpg\" rel=\"lightbox[7141]\"><img loading=\"lazy\" decoding=\"async\" class=\"aligncenter size-full wp-image-7144\" title=\"jakke vendestrik\" src=\"http:\/\/www.syenlap.dk\/wp-content\/uploads\/2010\/08\/jakke-vendestrik.jpg\" alt=\"\" width=\"500\" height=\"600\" \/><\/a><\/p>\n<p>i mere d\u00e6mpede regnbuefarver, og jeg har ogs\u00e5 garnet liggende klar. Men m\u00e5ske er der \u00e9n, der skal have den samme tr\u00f8je, f\u00f8r jeg strikker min egen: den ene svigerdatter har \u00f8nsket sig en varm tr\u00f8je, s\u00e5 m\u00e5ske vil hun have samme model? &#8211; i de farver, hun bryder sig om.<\/p>\n<p>Jeg slog egentlig op til vesten, fordi jeg skal have et let strikket\u00f8j med i bussen p\u00e5 fredag, hvor jeg har meldt mig p\u00e5 en tur til Amalienborg for at se kronprinsparrets nyrenoverede bolig. Men det g\u00e5r n\u00e6rmest s\u00e5 st\u00e6rkt, at jeg er f\u00e6rdig inden?<\/p>\n<p>Jeg strikkede ogs\u00e5 <a href=\"http:\/\/www.kludekoner.dk\/forside.php?ssprog=dansk&amp;&amp;vispic=3733\" target=\"_blank\">denne<\/a> og <a href=\"http:\/\/www.kludekoner.dk\/forside.php?ssprog=dansk&amp;&amp;vispic=3653\" target=\"_blank\">denne<\/a> .<\/p>\n<p>Fakta: M\u00f8nster p\u00e5 Vest\/cardigan i vendestrik\u00a0fra <a href=\"http:\/\/lenep-katrinelund.dk\/veste\" target=\"_blank\">Katrinelund<\/a><\/p>\n<p>Garn: Kauni, ensfarvet + multifarvet effektgarn<\/p>\n<p><span style=\"border-radius: 2px; text-indent: 20px; width: auto; padding: 0px 4px 0px 0px; text-align: center; font: bold 11px\/20px 'Helvetica Neue',Helvetica,sans-serif; color: #ffffff; background: #bd081c  no-repeat scroll 3px 50% \/ 14px 14px; position: absolute; opacity: 1; z-index: 8675309; display: none; cursor: pointer; top: 1719px; left: 55px;\">Gem<\/span><\/p>\n","protected":false},"excerpt":{"rendered":"<p>N\u00e5r jeg har strikket eller syet noget i et m\u00f8nster, jeg blir rigtig glad for, kan jeg godt lide at strikke el. sy\u00a0det igen &#8211; igen! Det er det samme med b\u00f8ger og film &#8211; jeg elsker at l\u00e6se en &hellip; <a href=\"http:\/\/www.syenlap.dk\/?p=7141\">L\u00e6s resten <span class=\"meta-nav\">&rarr;<\/span><\/a><\/p>\n","protected":false},"author":2,"featured_media":0,"comment_status":"open","ping_status":"open","sticky":false,"template":"","format":"standard","meta":{"footnotes":""},"categories":[3,16],"tags":[62],"class_list":["post-7141","post","type-post","status-publish","format-standard","hentry","category-dagligdagen","category-strik","tag-vendestrik"],"_links":{"self":[{"href":"http:\/\/www.syenlap.dk\/index.php?rest_route=\/wp\/v2\/posts\/7141","targetHints":{"allow":["GET"]}}],"collection":[{"href":"http:\/\/www.syenlap.dk\/index.php?rest_route=\/wp\/v2\/posts"}],"about":[{"href":"http:\/\/www.syenlap.dk\/index.php?rest_route=\/wp\/v2\/types\/post"}],"author":[{"embeddable":true,"href":"http:\/\/www.syenlap.dk\/index.php?rest_route=\/wp\/v2\/users\/2"}],"replies":[{"embeddable":true,"href":"http:\/\/www.syenlap.dk\/index.php?rest_route=%2Fwp%2Fv2%2Fcomments&post=7141"}],"version-history":[{"count":1,"href":"http:\/\/www.syenlap.dk\/index.php?rest_route=\/wp\/v2\/posts\/7141\/revisions"}],"predecessor-version":[{"id":30747,"href":"http:\/\/www.syenlap.dk\/index.php?rest_route=\/wp\/v2\/posts\/7141\/revisions\/30747"}],"wp:attachment":[{"href":"http:\/\/www.syenlap.dk\/index.php?rest_route=%2Fwp%2Fv2%2Fmedia&parent=7141"}],"wp:term":[{"taxonomy":"category","embeddable":true,"href":"http:\/\/www.syenlap.dk\/index.php?rest_route=%2Fwp%2Fv2%2Fcategories&post=7141"},{"taxonomy":"post_tag","embeddable":true,"href":"http:\/\/www.syenlap.dk\/index.php?rest_route=%2Fwp%2Fv2%2Ftags&post=7141"}],"curies":[{"name":"wp","href":"https:\/\/api.w.org\/{rel}","templated":true}]}}