{"id":7155,"date":"2010-08-02T16:15:36","date_gmt":"2010-08-02T14:15:36","guid":{"rendered":"http:\/\/www.syenlap.dk\/?p=7155"},"modified":"2010-08-02T16:15:36","modified_gmt":"2010-08-02T14:15:36","slug":"solb%c3%a6r-og-havevandring","status":"publish","type":"post","link":"http:\/\/www.syenlap.dk\/?p=7155","title":{"rendered":"Solb\u00e6r og havevandring"},"content":{"rendered":"<p><a href=\"http:\/\/www.syenlap.dk\/wp-content\/uploads\/2010\/08\/solb\u00e6r.jpg\" rel=\"lightbox[7155]\"><img loading=\"lazy\" decoding=\"async\" class=\"aligncenter size-full wp-image-7156\" title=\"solb\u00e6r\" src=\"http:\/\/www.syenlap.dk\/wp-content\/uploads\/2010\/08\/solb\u00e6r.jpg\" alt=\"\" width=\"500\" height=\"300\" \/><\/a><\/p>\n<p>22 glas solb\u00e6rsyltet\u00f8j blev det til! Af ialt 12 kg 800 gram solb\u00e6r, som jeg plukkede og syltede op til weekenden. Derudover plukkede naboen 3 kg, og der er stadig rigtig mange tilbage, men dem kan der blive kogt saft af, de m\u00e5 godt sidde lidt l\u00e6ngere, der er mange ikke helt modne.<\/p>\n<p>Af sk\u00f8nhederne i haven er flere Klematis nu rigtig fine.<\/p>\n<p><a href=\"http:\/\/www.syenlap.dk\/wp-content\/uploads\/2010\/08\/klematis-spalier.jpg\" rel=\"lightbox[7155]\"><img loading=\"lazy\" decoding=\"async\" class=\"aligncenter size-full wp-image-7157\" title=\"klematis spalier\" src=\"http:\/\/www.syenlap.dk\/wp-content\/uploads\/2010\/08\/klematis-spalier.jpg\" alt=\"\" width=\"500\" height=\"406\" \/><\/a><\/p>\n<p>Denne ved indk\u00f8rslen er utroligt smuk og rigtblomstrende i \u00e5r. Og s\u00e5 har nogle af mine orkid\u00e9er her p\u00e5 kontoret sneget sig ind i billedet ogs\u00e5!<\/p>\n<p><a href=\"http:\/\/www.syenlap.dk\/wp-content\/uploads\/2010\/08\/klematis-spalier-n\u00e6r.jpg\" rel=\"lightbox[7155]\"><img loading=\"lazy\" decoding=\"async\" class=\"aligncenter size-full wp-image-7158\" title=\"klematis spalier n\u00e6r\" src=\"http:\/\/www.syenlap.dk\/wp-content\/uploads\/2010\/08\/klematis-spalier-n\u00e6r.jpg\" alt=\"\" width=\"500\" height=\"612\" \/><\/a><\/p>\n<p><a href=\"http:\/\/www.syenlap.dk\/wp-content\/uploads\/2010\/08\/klematis-tr\u00e6.jpg\" rel=\"lightbox[7155]\"><img loading=\"lazy\" decoding=\"async\" class=\"aligncenter size-full wp-image-7159\" title=\"klematis tr\u00e6\" src=\"http:\/\/www.syenlap.dk\/wp-content\/uploads\/2010\/08\/klematis-tr\u00e6.jpg\" alt=\"\" width=\"500\" height=\"669\" \/><\/a><\/p>\n<p>P\u00e5 terrassen klatrer den lilla Klematis meget h\u00f8jt op i kirseb\u00e6rtr\u00e6et, som jeg fik havemanden til at besk\u00e6re kraftigt, s\u00e5 der er kommet luft.<\/p>\n<p><a href=\"http:\/\/www.syenlap.dk\/wp-content\/uploads\/2010\/08\/klematis-stativ.jpg\" rel=\"lightbox[7155]\"><img loading=\"lazy\" decoding=\"async\" class=\"aligncenter size-full wp-image-7160\" title=\"klematis stativ\" src=\"http:\/\/www.syenlap.dk\/wp-content\/uploads\/2010\/08\/klematis-stativ.jpg\" alt=\"\" width=\"500\" height=\"671\" \/><\/a><\/p>\n<p>Og i baghaven er det lykkedes mig at lave et naturligt stativ til en Klematis, som har brugt en stor Atlas Ceder til at kravle op af, indtil den blev f\u00e6ldet for et par \u00e5r siden. Den har enkelte blomster h\u00f8jt oppe, og masser af knopper.<\/p>\n<p><a href=\"http:\/\/www.syenlap.dk\/wp-content\/uploads\/2010\/08\/agapantus.jpg\" rel=\"lightbox[7155]\"><img loading=\"lazy\" decoding=\"async\" class=\"aligncenter size-full wp-image-7161\" title=\"agapantus\" src=\"http:\/\/www.syenlap.dk\/wp-content\/uploads\/2010\/08\/agapantus.jpg\" alt=\"\" width=\"500\" height=\"447\" \/><\/a><\/p>\n<p>Og se nu bare den hvide Akapantus, hvor k\u00e6mpestor og flot den st\u00e5r! Men det skarpe \u00f8je kan se, at krukken er bundet\u00a0sammen med en gr\u00f8n pakke-elastik! Akapantus&#8217;en skulle nok have v\u00e6ret delt, som S\u00f8ren plejede at g\u00f8re engang imellem, og nu havde den spr\u00e6ngt krukken!<\/p>\n<p>Bem\u00e6rk figentr\u00e6et ved siden af. jeg troede, den var g\u00e5et helt ud i den h\u00e5rde vinter, men pludselig kom der et lille skud, og det ser ud til, at den kommer fint. Den havde vi med hjem fra Bornholm for 4 \u00e5r siden, og den gav de f\u00f8rste modne frugter sidste sommer. Det bliver der ikke i \u00e5r, men jeg er glad for, at den har overlevet.<\/p>\n","protected":false},"excerpt":{"rendered":"<p>22 glas solb\u00e6rsyltet\u00f8j blev det til! Af ialt 12 kg 800 gram solb\u00e6r, som jeg plukkede og syltede op til weekenden. Derudover plukkede naboen 3 kg, og der er stadig rigtig mange tilbage, men dem kan der blive kogt saft &hellip; <a href=\"http:\/\/www.syenlap.dk\/?p=7155\">L\u00e6s resten <span class=\"meta-nav\">&rarr;<\/span><\/a><\/p>\n","protected":false},"author":2,"featured_media":0,"comment_status":"open","ping_status":"open","sticky":false,"template":"","format":"standard","meta":{"footnotes":""},"categories":[3,8],"tags":[],"class_list":["post-7155","post","type-post","status-publish","format-standard","hentry","category-dagligdagen","category-haven"],"_links":{"self":[{"href":"http:\/\/www.syenlap.dk\/index.php?rest_route=\/wp\/v2\/posts\/7155","targetHints":{"allow":["GET"]}}],"collection":[{"href":"http:\/\/www.syenlap.dk\/index.php?rest_route=\/wp\/v2\/posts"}],"about":[{"href":"http:\/\/www.syenlap.dk\/index.php?rest_route=\/wp\/v2\/types\/post"}],"author":[{"embeddable":true,"href":"http:\/\/www.syenlap.dk\/index.php?rest_route=\/wp\/v2\/users\/2"}],"replies":[{"embeddable":true,"href":"http:\/\/www.syenlap.dk\/index.php?rest_route=%2Fwp%2Fv2%2Fcomments&post=7155"}],"version-history":[{"count":0,"href":"http:\/\/www.syenlap.dk\/index.php?rest_route=\/wp\/v2\/posts\/7155\/revisions"}],"wp:attachment":[{"href":"http:\/\/www.syenlap.dk\/index.php?rest_route=%2Fwp%2Fv2%2Fmedia&parent=7155"}],"wp:term":[{"taxonomy":"category","embeddable":true,"href":"http:\/\/www.syenlap.dk\/index.php?rest_route=%2Fwp%2Fv2%2Fcategories&post=7155"},{"taxonomy":"post_tag","embeddable":true,"href":"http:\/\/www.syenlap.dk\/index.php?rest_route=%2Fwp%2Fv2%2Ftags&post=7155"}],"curies":[{"name":"wp","href":"https:\/\/api.w.org\/{rel}","templated":true}]}}