{"id":7173,"date":"2010-08-04T23:57:50","date_gmt":"2010-08-04T21:57:50","guid":{"rendered":"http:\/\/www.syenlap.dk\/?p=7173"},"modified":"2010-08-04T23:57:50","modified_gmt":"2010-08-04T21:57:50","slug":"det-var-ikke-planlagt","status":"publish","type":"post","link":"http:\/\/www.syenlap.dk\/?p=7173","title":{"rendered":"Det var ikke planlagt.."},"content":{"rendered":"<p>..at jeg skulle blive s\u00e5 hurtigt f\u00e6rdig med <a href=\"http:\/\/www.syenlap.dk\/?p=7141\" target=\"_blank\">vesten i vendestrik<\/a> til Christina! Det var jo meningen, at den skulle v\u00e6re bus-strikket\u00f8j p\u00e5 fredag.<\/p>\n<p><a href=\"http:\/\/www.syenlap.dk\/wp-content\/uploads\/2010\/08\/vest.jpg\" rel=\"lightbox[7173]\"><img loading=\"lazy\" decoding=\"async\" class=\"aligncenter size-full wp-image-7174\" title=\"vest\" src=\"http:\/\/www.syenlap.dk\/wp-content\/uploads\/2010\/08\/vest.jpg\" alt=\"\" width=\"500\" height=\"442\" \/><\/a><\/p>\n<p>Men nu er den f\u00e6rdig! Den har ovenik\u00f8bet f\u00e5et h\u00e6ftet ender og er blevet vasket, s\u00e5 Christina kan f\u00e5 den p\u00e5 i morgen, n\u00e5r vi har valgt knapper. Det er under 1 uge, den har taget at strikke, og jeg har da ogs\u00e5 lavet andet end at strikke!<\/p>\n<p><a href=\"http:\/\/www.syenlap.dk\/wp-content\/uploads\/2010\/08\/tur.jpg\" rel=\"lightbox[7173]\"><img loading=\"lazy\" decoding=\"async\" class=\"aligncenter size-full wp-image-7175\" title=\"tur\" src=\"http:\/\/www.syenlap.dk\/wp-content\/uploads\/2010\/08\/tur.jpg\" alt=\"\" width=\"500\" height=\"511\" \/><\/a><\/p>\n<p>Whisky er helt ude af sig selv af lykke, fordi en del af hans &#8220;flok&#8221; er kommet p\u00e5 bes\u00f8g et par dage, og Christian og Christina gider godt b\u00e5de at lege med ham og g\u00e5 tur.<\/p>\n","protected":false},"excerpt":{"rendered":"<p>..at jeg skulle blive s\u00e5 hurtigt f\u00e6rdig med vesten i vendestrik til Christina! Det var jo meningen, at den skulle v\u00e6re bus-strikket\u00f8j p\u00e5 fredag. Men nu er den f\u00e6rdig! Den har ovenik\u00f8bet f\u00e5et h\u00e6ftet ender og er blevet vasket, s\u00e5 &hellip; <a href=\"http:\/\/www.syenlap.dk\/?p=7173\">L\u00e6s resten <span class=\"meta-nav\">&rarr;<\/span><\/a><\/p>\n","protected":false},"author":2,"featured_media":0,"comment_status":"open","ping_status":"open","sticky":false,"template":"","format":"standard","meta":{"footnotes":""},"categories":[5,16],"tags":[],"class_list":["post-7173","post","type-post","status-publish","format-standard","hentry","category-familien","category-strik"],"_links":{"self":[{"href":"http:\/\/www.syenlap.dk\/index.php?rest_route=\/wp\/v2\/posts\/7173","targetHints":{"allow":["GET"]}}],"collection":[{"href":"http:\/\/www.syenlap.dk\/index.php?rest_route=\/wp\/v2\/posts"}],"about":[{"href":"http:\/\/www.syenlap.dk\/index.php?rest_route=\/wp\/v2\/types\/post"}],"author":[{"embeddable":true,"href":"http:\/\/www.syenlap.dk\/index.php?rest_route=\/wp\/v2\/users\/2"}],"replies":[{"embeddable":true,"href":"http:\/\/www.syenlap.dk\/index.php?rest_route=%2Fwp%2Fv2%2Fcomments&post=7173"}],"version-history":[{"count":0,"href":"http:\/\/www.syenlap.dk\/index.php?rest_route=\/wp\/v2\/posts\/7173\/revisions"}],"wp:attachment":[{"href":"http:\/\/www.syenlap.dk\/index.php?rest_route=%2Fwp%2Fv2%2Fmedia&parent=7173"}],"wp:term":[{"taxonomy":"category","embeddable":true,"href":"http:\/\/www.syenlap.dk\/index.php?rest_route=%2Fwp%2Fv2%2Fcategories&post=7173"},{"taxonomy":"post_tag","embeddable":true,"href":"http:\/\/www.syenlap.dk\/index.php?rest_route=%2Fwp%2Fv2%2Ftags&post=7173"}],"curies":[{"name":"wp","href":"https:\/\/api.w.org\/{rel}","templated":true}]}}