{"id":7185,"date":"2010-08-06T00:17:18","date_gmt":"2010-08-05T22:17:18","guid":{"rendered":"http:\/\/www.syenlap.dk\/?p=7185"},"modified":"2010-08-06T00:17:18","modified_gmt":"2010-08-05T22:17:18","slug":"f%c3%a6rdig-og-med-knapper","status":"publish","type":"post","link":"http:\/\/www.syenlap.dk\/?p=7185","title":{"rendered":"F\u00e6rdig og med knapper"},"content":{"rendered":"<p><a href=\"http:\/\/www.syenlap.dk\/wp-content\/uploads\/2010\/08\/ny-regnbuevest.jpg\" rel=\"lightbox[7185]\"><img loading=\"lazy\" decoding=\"async\" class=\"aligncenter size-full wp-image-7186\" title=\"ny regnbuevest\" src=\"http:\/\/www.syenlap.dk\/wp-content\/uploads\/2010\/08\/ny-regnbuevest.jpg\" alt=\"\" width=\"500\" height=\"631\" \/><\/a><\/p>\n<p>S\u00e5 er her stille igen &#8211; s\u00f8nnefamilien er draget hjem igen efter et par dages ferie her &#8211; Whisky resignerer, og jeg fik igen nogle strikkerier gjort f\u00e6rdige, samt nyt planlagt!<\/p>\n<p>Christinas nye &#8220;regnbuevest i vendestrik&#8221; til erstatning for den n\u00e6sten magen til, som blev vasket for varmt (!), fik nye knapper, valgt af Christina selv, og b\u00e5de hun og jeg elsker den!<\/p>\n<p><a href=\"http:\/\/www.syenlap.dk\/wp-content\/uploads\/2010\/08\/ny-regnbuevest-2.jpg\" rel=\"lightbox[7185]\"><img loading=\"lazy\" decoding=\"async\" class=\"aligncenter size-full wp-image-7187\" title=\"ny regnbuevest 2\" src=\"http:\/\/www.syenlap.dk\/wp-content\/uploads\/2010\/08\/ny-regnbuevest-2.jpg\" alt=\"\" width=\"500\" height=\"633\" \/><\/a><\/p>\n<p>Det er da charmerende med de skiftende farver!<\/p>\n<p>Strikket i Kauni, lilla bundfarve og regnbuefarvet effektgarn. Opskrift fra <a href=\"http:\/\/www.lenep-katrinelund.dk\/home.php?site=egnemodellerlist&amp;id=2\" target=\"_blank\">Katrinelund<\/a>. Strikket en lille smule mindre end str. S, idet jeg bryder garnet midt i hver farve, for at forkorte farveforl\u00f8bet i den lidt mindre str. Det kan ikke skrives i en opskrift, s\u00e5 det st\u00e5r for min egen regning.<br \/>\nKnapperne er ogs\u00e5 fra Katrinelund.<\/p>\n<p><a href=\"http:\/\/www.syenlap.dk\/wp-content\/uploads\/2010\/08\/ny-regnbuevest-og-whisky.jpg\" rel=\"lightbox[7185]\"><img loading=\"lazy\" decoding=\"async\" class=\"aligncenter size-full wp-image-7189\" title=\"ny regnbuevest og whisky\" src=\"http:\/\/www.syenlap.dk\/wp-content\/uploads\/2010\/08\/ny-regnbuevest-og-whisky.jpg\" alt=\"\" width=\"500\" height=\"630\" \/><\/a><\/p>\n<p>Tro mig: Whisky stillede selv op til fotograferingen &#8211; man skal ikke g\u00e5 glip af opm\u00e6rksomhed!<\/p>\n","protected":false},"excerpt":{"rendered":"<p>S\u00e5 er her stille igen &#8211; s\u00f8nnefamilien er draget hjem igen efter et par dages ferie her &#8211; Whisky resignerer, og jeg fik igen nogle strikkerier gjort f\u00e6rdige, samt nyt planlagt! Christinas nye &#8220;regnbuevest i vendestrik&#8221; til erstatning for den &hellip; <a href=\"http:\/\/www.syenlap.dk\/?p=7185\">L\u00e6s resten <span class=\"meta-nav\">&rarr;<\/span><\/a><\/p>\n","protected":false},"author":2,"featured_media":0,"comment_status":"open","ping_status":"open","sticky":false,"template":"","format":"standard","meta":{"footnotes":""},"categories":[5,16],"tags":[],"class_list":["post-7185","post","type-post","status-publish","format-standard","hentry","category-familien","category-strik"],"_links":{"self":[{"href":"http:\/\/www.syenlap.dk\/index.php?rest_route=\/wp\/v2\/posts\/7185","targetHints":{"allow":["GET"]}}],"collection":[{"href":"http:\/\/www.syenlap.dk\/index.php?rest_route=\/wp\/v2\/posts"}],"about":[{"href":"http:\/\/www.syenlap.dk\/index.php?rest_route=\/wp\/v2\/types\/post"}],"author":[{"embeddable":true,"href":"http:\/\/www.syenlap.dk\/index.php?rest_route=\/wp\/v2\/users\/2"}],"replies":[{"embeddable":true,"href":"http:\/\/www.syenlap.dk\/index.php?rest_route=%2Fwp%2Fv2%2Fcomments&post=7185"}],"version-history":[{"count":0,"href":"http:\/\/www.syenlap.dk\/index.php?rest_route=\/wp\/v2\/posts\/7185\/revisions"}],"wp:attachment":[{"href":"http:\/\/www.syenlap.dk\/index.php?rest_route=%2Fwp%2Fv2%2Fmedia&parent=7185"}],"wp:term":[{"taxonomy":"category","embeddable":true,"href":"http:\/\/www.syenlap.dk\/index.php?rest_route=%2Fwp%2Fv2%2Fcategories&post=7185"},{"taxonomy":"post_tag","embeddable":true,"href":"http:\/\/www.syenlap.dk\/index.php?rest_route=%2Fwp%2Fv2%2Ftags&post=7185"}],"curies":[{"name":"wp","href":"https:\/\/api.w.org\/{rel}","templated":true}]}}