{"id":7197,"date":"2010-08-07T19:38:31","date_gmt":"2010-08-07T17:38:31","guid":{"rendered":"http:\/\/www.syenlap.dk\/?p=7197"},"modified":"2010-08-07T19:38:31","modified_gmt":"2010-08-07T17:38:31","slug":"vi-h%c3%b8rte-det-midt-pa-bredgade","status":"publish","type":"post","link":"http:\/\/www.syenlap.dk\/?p=7197","title":{"rendered":"Vi h\u00f8rte det midt p\u00e5 Bredgade.."},"content":{"rendered":"<p>..s\u00e5 aktuel var vores K\u00f8benhavnertur, at vi h\u00f8rte nyheden om kronprinsparrets tvillinger midt p\u00e5 Bredgade p\u00e5 vej hen til Amalienborg! Der var \u00e9n, der fik en sms, men det var der vist rigtig mange andre, der fik, for alle vidste det lige pludselig!<\/p>\n<p><a href=\"http:\/\/www.syenlap.dk\/wp-content\/uploads\/2010\/08\/amalienborg.jpg\" rel=\"lightbox[7197]\"><img loading=\"lazy\" decoding=\"async\" class=\"aligncenter size-full wp-image-7198\" title=\"amalienborg\" src=\"http:\/\/www.syenlap.dk\/wp-content\/uploads\/2010\/08\/amalienborg.jpg\" alt=\"\" width=\"500\" height=\"294\" \/><\/a><\/p>\n<p>Vi var p\u00e5 busudflugt med Ejnar her fra Br\u00e6dstrup, en heldagstur med hjemkomst efter midnat, men sikke heldige vi var med det sk\u00f8nne vejr. Turen var fint planlagt med god tid, mange pauser, mulighed for at se os om i kvarteret omkring Amalienborg og Nyhavn, og vi fik ogs\u00e5 en sightseeing tur b\u00e5de f\u00f8r og efter de faste programpunkter.<\/p>\n<p><a href=\"http:\/\/www.syenlap.dk\/wp-content\/uploads\/2010\/08\/amalienborg2.jpg\" rel=\"lightbox[7197]\"><img loading=\"lazy\" decoding=\"async\" class=\"aligncenter size-full wp-image-7199\" title=\"amalienborg2\" src=\"http:\/\/www.syenlap.dk\/wp-content\/uploads\/2010\/08\/amalienborg2.jpg\" alt=\"\" width=\"500\" height=\"397\" \/><\/a><\/p>\n<p>Det er et flot syn fra slotspladsen ned over Amaliehaven med Operaen i baggrunden.<\/p>\n<p><img loading=\"lazy\" decoding=\"async\" title=\"operaen\" src=\"http:\/\/www.syenlap.dk\/wp-content\/uploads\/2010\/08\/operaen.jpg\" alt=\"\" width=\"500\" height=\"433\" \/><\/p>\n<p>Strikkedamerne.<\/p>\n<p><a href=\"http:\/\/www.syenlap.dk\/wp-content\/uploads\/2010\/08\/amalienborg3.jpg\" rel=\"lightbox[7197]\"><img loading=\"lazy\" decoding=\"async\" class=\"aligncenter size-full wp-image-7200\" title=\"amalienborg3\" src=\"http:\/\/www.syenlap.dk\/wp-content\/uploads\/2010\/08\/amalienborg3.jpg\" alt=\"\" width=\"500\" height=\"560\" \/><\/a><\/p>\n<p>De stakkels gardere p\u00e5 vagt, der var turister, der bare ikke kunne komme t\u00e6t nok p\u00e5 for at fotografere hinanden ved siden af en garder! Vi tror forresten at denne garder er en pige! Men hun var ikke bleg for med faste skridt at fjerne nogle tr\u00e6tte damer, der havde sat sig p\u00e5 trappen op til Kromprinsens kommende pal\u00e6!<\/p>\n<p><img loading=\"lazy\" decoding=\"async\" title=\"amaliehaven\" src=\"http:\/\/www.syenlap.dk\/wp-content\/uploads\/2010\/08\/amaliehaven.jpg\" alt=\"\" width=\"500\" height=\"412\" \/><\/p>\n<p>Strikkeholdet n\u00f8d Amaliehaven og det fantastiske springvand efter rundvisningen i Frederik d. 8&#8217;s pal\u00e6. Der m\u00e5tte vi ikke fotografere. Men hvor er det flot! Og hvor er det dejligt at Kronprins Frederik og Kronprinsesse Mary t\u00f8r lade det gamle og det nye blande sig! Der er s\u00e5 mange smukke detaljer i lofterne, panelerne, krystallysekronerne osv, og s\u00e5 nogle overrumplende dekorationer i meget moderne stil og farver &#8211; jeg kunne ikke lide alt, hvad jeg s\u00e5, men jeg kan godt lide deres mod!<\/p>\n<p>Og s\u00e5 er jeg helt vild med Olafur Eliassons trapperum!<\/p>\n<p><a href=\"http:\/\/www.syenlap.dk\/wp-content\/uploads\/2010\/08\/odd-fellow.jpg\" rel=\"lightbox[7197]\"><img loading=\"lazy\" decoding=\"async\" class=\"aligncenter size-full wp-image-7201\" title=\"odd fellow\" src=\"http:\/\/www.syenlap.dk\/wp-content\/uploads\/2010\/08\/odd-fellow.jpg\" alt=\"\" width=\"500\" height=\"416\" \/><\/a><\/p>\n<p>Aftensmad fik vi i Odd Fellow Pal\u00e6ets restaurant.<\/p>\n<p><a href=\"http:\/\/www.syenlap.dk\/wp-content\/uploads\/2010\/08\/odd-fellow2.jpg\" rel=\"lightbox[7197]\"><img loading=\"lazy\" decoding=\"async\" class=\"aligncenter size-full wp-image-7202\" title=\"odd fellow2\" src=\"http:\/\/www.syenlap.dk\/wp-content\/uploads\/2010\/08\/odd-fellow2.jpg\" alt=\"\" width=\"500\" height=\"339\" \/><\/a><\/p>\n<p>Det var simpelthen bare l\u00e6kkert! Og sikke flotte lokaliteter!<\/p>\n<p><a href=\"http:\/\/www.syenlap.dk\/wp-content\/uploads\/2010\/08\/operaen.jpg\" rel=\"lightbox[7197]\"><\/a><\/p>\n<p><a href=\"http:\/\/www.syenlap.dk\/wp-content\/uploads\/2010\/08\/nyhavn.jpg\" rel=\"lightbox[7197]\"><img loading=\"lazy\" decoding=\"async\" class=\"aligncenter size-full wp-image-7205\" title=\"nyhavn\" src=\"http:\/\/www.syenlap.dk\/wp-content\/uploads\/2010\/08\/nyhavn.jpg\" alt=\"\" width=\"500\" height=\"375\" \/><\/a><\/p>\n<p>Der blev ogs\u00e5 tid til et lille bes\u00f8g i Nyhavn for at f\u00e5 en forfriskning. Og nogen var p\u00e5 kanalrundtur &#8211; det var ogs\u00e5 lige vejret til det, men s\u00e5 kneb det med at overholde den ellers rimelige tidsplan! Vi var mange fra S\u00f8nderg\u00e5rdens aktivitetshold, og der er smadderhyggeligt at tage p\u00e5 s\u00e5dan en udflugt sammen. Jeg fik da ogs\u00e5 strikket en hel masse p\u00e5 en tr\u00f8je i bussen &#8211; man m\u00e5 jo udnytte tiden!<\/p>\n","protected":false},"excerpt":{"rendered":"<p>..s\u00e5 aktuel var vores K\u00f8benhavnertur, at vi h\u00f8rte nyheden om kronprinsparrets tvillinger midt p\u00e5 Bredgade p\u00e5 vej hen til Amalienborg! Der var \u00e9n, der fik en sms, men det var der vist rigtig mange andre, der fik, for alle vidste &hellip; <a href=\"http:\/\/www.syenlap.dk\/?p=7197\">L\u00e6s resten <span class=\"meta-nav\">&rarr;<\/span><\/a><\/p>\n","protected":false},"author":2,"featured_media":0,"comment_status":"open","ping_status":"open","sticky":false,"template":"","format":"standard","meta":{"footnotes":""},"categories":[12],"tags":[],"class_list":["post-7197","post","type-post","status-publish","format-standard","hentry","category-oplevelser"],"_links":{"self":[{"href":"http:\/\/www.syenlap.dk\/index.php?rest_route=\/wp\/v2\/posts\/7197","targetHints":{"allow":["GET"]}}],"collection":[{"href":"http:\/\/www.syenlap.dk\/index.php?rest_route=\/wp\/v2\/posts"}],"about":[{"href":"http:\/\/www.syenlap.dk\/index.php?rest_route=\/wp\/v2\/types\/post"}],"author":[{"embeddable":true,"href":"http:\/\/www.syenlap.dk\/index.php?rest_route=\/wp\/v2\/users\/2"}],"replies":[{"embeddable":true,"href":"http:\/\/www.syenlap.dk\/index.php?rest_route=%2Fwp%2Fv2%2Fcomments&post=7197"}],"version-history":[{"count":0,"href":"http:\/\/www.syenlap.dk\/index.php?rest_route=\/wp\/v2\/posts\/7197\/revisions"}],"wp:attachment":[{"href":"http:\/\/www.syenlap.dk\/index.php?rest_route=%2Fwp%2Fv2%2Fmedia&parent=7197"}],"wp:term":[{"taxonomy":"category","embeddable":true,"href":"http:\/\/www.syenlap.dk\/index.php?rest_route=%2Fwp%2Fv2%2Fcategories&post=7197"},{"taxonomy":"post_tag","embeddable":true,"href":"http:\/\/www.syenlap.dk\/index.php?rest_route=%2Fwp%2Fv2%2Ftags&post=7197"}],"curies":[{"name":"wp","href":"https:\/\/api.w.org\/{rel}","templated":true}]}}