{"id":7257,"date":"2010-08-15T14:12:54","date_gmt":"2010-08-15T12:12:54","guid":{"rendered":"http:\/\/www.syenlap.dk\/?p=7257"},"modified":"2010-08-15T14:12:54","modified_gmt":"2010-08-15T12:12:54","slug":"jorden-rundt","status":"publish","type":"post","link":"http:\/\/www.syenlap.dk\/?p=7257","title":{"rendered":"Rundt om Jorden"},"content":{"rendered":"<p>Her er billeder af de 6 kvinder og deres kunst, der udstilles p\u00e5 Tinghuset\u00a0i Br\u00e6dstrup i denne uge, incl. s\u00f8ndag 22.8. under f\u00e6llestitlen &#8220;Rundt om\u00a0Jorden&#8221;.<\/p>\n<p><a href=\"http:\/\/www.syenlap.dk\/wp-content\/uploads\/2010\/08\/fernisering.jpg\" rel=\"lightbox[7257]\"><img loading=\"lazy\" decoding=\"async\" class=\"aligncenter size-full wp-image-7258\" title=\"fernisering\" src=\"http:\/\/www.syenlap.dk\/wp-content\/uploads\/2010\/08\/fernisering.jpg\" alt=\"\" width=\"500\" height=\"375\" \/><\/a><\/p>\n<p>De 6 kvinder under ferniseringen i g\u00e5r.<\/p>\n<p><a href=\"http:\/\/www.syenlap.dk\/wp-content\/uploads\/2010\/08\/Inger-Dethlefsen-lille.jpg\" rel=\"lightbox[7257]\"><img loading=\"lazy\" decoding=\"async\" class=\"aligncenter size-full wp-image-7259\" title=\"Inger Dethlefsen - lille\" src=\"http:\/\/www.syenlap.dk\/wp-content\/uploads\/2010\/08\/Inger-Dethlefsen-lille.jpg\" alt=\"\" width=\"500\" height=\"496\" \/><\/a><\/p>\n<p>Maleri af Inger Dethlefsen<\/p>\n<p><a href=\"http:\/\/www.syenlap.dk\/wp-content\/uploads\/2010\/08\/Piraj\u00e1-Hvid.jpg\" rel=\"lightbox[7257]\"><img loading=\"lazy\" decoding=\"async\" class=\"aligncenter size-full wp-image-7260\" title=\"Piraj\u00e1 - Hvid\" src=\"http:\/\/www.syenlap.dk\/wp-content\/uploads\/2010\/08\/Piraj\u00e1-Hvid.jpg\" alt=\"\" width=\"500\" height=\"292\" \/><\/a><\/p>\n<p>Tekstilbillede af Tove Piraj\u00e1<\/p>\n<p><a href=\"http:\/\/www.syenlap.dk\/wp-content\/uploads\/2010\/08\/Tove-Hald-Petersen-lille.jpg\" rel=\"lightbox[7257]\"><img loading=\"lazy\" decoding=\"async\" class=\"aligncenter size-full wp-image-7261\" title=\"Tove Hald Petersen - lille\" src=\"http:\/\/www.syenlap.dk\/wp-content\/uploads\/2010\/08\/Tove-Hald-Petersen-lille.jpg\" alt=\"\" width=\"500\" height=\"648\" \/><\/a><\/p>\n<p>Keramik af Tove Hald Petersen<\/p>\n<p><a href=\"http:\/\/www.syenlap.dk\/wp-content\/uploads\/2010\/08\/Susanna-Hartmann-lille.jpg\" rel=\"lightbox[7257]\"><img loading=\"lazy\" decoding=\"async\" class=\"aligncenter size-full wp-image-7262\" title=\"Susanna Hartmann - lille\" src=\"http:\/\/www.syenlap.dk\/wp-content\/uploads\/2010\/08\/Susanna-Hartmann-lille.jpg\" alt=\"\" width=\"500\" height=\"660\" \/><\/a><\/p>\n<p>Maleri af Susanne Hartmann<\/p>\n<p><a href=\"http:\/\/www.syenlap.dk\/wp-content\/uploads\/2010\/08\/Alice-2-lille.jpg\" rel=\"lightbox[7257]\"><img loading=\"lazy\" decoding=\"async\" class=\"aligncenter size-full wp-image-7263\" title=\"Alice 2 - lille\" src=\"http:\/\/www.syenlap.dk\/wp-content\/uploads\/2010\/08\/Alice-2-lille.jpg\" alt=\"\" width=\"500\" height=\"675\" \/><\/a><\/p>\n<p>Tekstilbillede af Alise Frost<\/p>\n<p><a href=\"http:\/\/www.syenlap.dk\/wp-content\/uploads\/2010\/08\/Anne-Grethe-Kousgaard-lille.jpg\" rel=\"lightbox[7257]\"><img loading=\"lazy\" decoding=\"async\" class=\"aligncenter size-full wp-image-7264\" title=\"Anne-Grethe Kousgaard - lille\" src=\"http:\/\/www.syenlap.dk\/wp-content\/uploads\/2010\/08\/Anne-Grethe-Kousgaard-lille.jpg\" alt=\"\" width=\"500\" height=\"633\" \/><\/a><\/p>\n<p>Maleri af Anne-Grethe Kousgaard<\/p>\n<p>Det er kun smagspr\u00f8ver! Der er mange andre og helt forskellige ting af hver af kunstnerne, som med hver deres virkemidler laver meget, meget smukke ting. V\u00e6rd at se!<\/p>\n","protected":false},"excerpt":{"rendered":"<p>Her er billeder af de 6 kvinder og deres kunst, der udstilles p\u00e5 Tinghuset\u00a0i Br\u00e6dstrup i denne uge, incl. s\u00f8ndag 22.8. under f\u00e6llestitlen &#8220;Rundt om\u00a0Jorden&#8221;. De 6 kvinder under ferniseringen i g\u00e5r. Maleri af Inger Dethlefsen Tekstilbillede af Tove Piraj\u00e1 &hellip; <a href=\"http:\/\/www.syenlap.dk\/?p=7257\">L\u00e6s resten <span class=\"meta-nav\">&rarr;<\/span><\/a><\/p>\n","protected":false},"author":2,"featured_media":0,"comment_status":"open","ping_status":"open","sticky":false,"template":"","format":"standard","meta":{"footnotes":""},"categories":[12],"tags":[],"class_list":["post-7257","post","type-post","status-publish","format-standard","hentry","category-oplevelser"],"_links":{"self":[{"href":"http:\/\/www.syenlap.dk\/index.php?rest_route=\/wp\/v2\/posts\/7257","targetHints":{"allow":["GET"]}}],"collection":[{"href":"http:\/\/www.syenlap.dk\/index.php?rest_route=\/wp\/v2\/posts"}],"about":[{"href":"http:\/\/www.syenlap.dk\/index.php?rest_route=\/wp\/v2\/types\/post"}],"author":[{"embeddable":true,"href":"http:\/\/www.syenlap.dk\/index.php?rest_route=\/wp\/v2\/users\/2"}],"replies":[{"embeddable":true,"href":"http:\/\/www.syenlap.dk\/index.php?rest_route=%2Fwp%2Fv2%2Fcomments&post=7257"}],"version-history":[{"count":0,"href":"http:\/\/www.syenlap.dk\/index.php?rest_route=\/wp\/v2\/posts\/7257\/revisions"}],"wp:attachment":[{"href":"http:\/\/www.syenlap.dk\/index.php?rest_route=%2Fwp%2Fv2%2Fmedia&parent=7257"}],"wp:term":[{"taxonomy":"category","embeddable":true,"href":"http:\/\/www.syenlap.dk\/index.php?rest_route=%2Fwp%2Fv2%2Fcategories&post=7257"},{"taxonomy":"post_tag","embeddable":true,"href":"http:\/\/www.syenlap.dk\/index.php?rest_route=%2Fwp%2Fv2%2Ftags&post=7257"}],"curies":[{"name":"wp","href":"https:\/\/api.w.org\/{rel}","templated":true}]}}