{"id":7274,"date":"2010-08-16T14:28:02","date_gmt":"2010-08-16T12:28:02","guid":{"rendered":"http:\/\/www.syenlap.dk\/?p=7274"},"modified":"2010-08-16T14:28:02","modified_gmt":"2010-08-16T12:28:02","slug":"s%c3%b8stersyning-pa-samleband","status":"publish","type":"post","link":"http:\/\/www.syenlap.dk\/?p=7274","title":{"rendered":"S\u00f8stersyning p\u00e5 samleb\u00e5nd"},"content":{"rendered":"<p>2 nordjyske s\u00f8stre meldte sig som &#8220;monteringstanter&#8221; i vinter, dvs at de gerne ville sy blokke sammen, som andre havde syet og sendt til mig,\u00a0og quilte til f\u00e6rdige puttet\u00e6pper til b\u00f8rn p\u00e5 julem\u00e6rkehjem. Da de kontaktede mig, havde jeg ikke s\u00e5 mange blokke tilbage, og det var rest-blokke, de fik, s\u00e5 de var ikke afstemt i farverne, men vi blev enige om, at de m\u00e5tte f\u00e5 det ud af det, de kunne, og s\u00e5 fik de noget ekstra stof at supplere med.<\/p>\n<p><a href=\"http:\/\/www.syenlap.dk\/wp-content\/uploads\/2010\/08\/0810-bodil-og-birte1.jpg\" rel=\"lightbox[7274]\"><img loading=\"lazy\" decoding=\"async\" class=\"aligncenter size-full wp-image-7275\" title=\"0810 bodil og birte1\" src=\"http:\/\/www.syenlap.dk\/wp-content\/uploads\/2010\/08\/0810-bodil-og-birte1.jpg\" alt=\"\" width=\"500\" height=\"497\" \/><\/a><\/p>\n<p>Nu har jeg f\u00e5et billeder af de 5 t\u00e6pper, der kom ud af det &#8211; og jeg m\u00e5 nok sige, at de har suppleret!!! For de har f\u00e5et tilsendt ialt 34 blokke (2009-m\u00f8nsteret), og s\u00e5 kan man jo selv t\u00e6lle efter, hvor mange de selv har syet som supplement foruden de trekanter, de har sat imellem af det stof, de fik med.<\/p>\n<p><a href=\"http:\/\/www.syenlap.dk\/wp-content\/uploads\/2010\/08\/0810-bodil-og-birte-3.jpg\" rel=\"lightbox[7274]\"><img loading=\"lazy\" decoding=\"async\" class=\"aligncenter size-full wp-image-7276\" title=\"0810 bodil og birte 3\" src=\"http:\/\/www.syenlap.dk\/wp-content\/uploads\/2010\/08\/0810-bodil-og-birte-3.jpg\" alt=\"\" width=\"500\" height=\"662\" \/><\/a><\/p>\n<p><a href=\"http:\/\/www.syenlap.dk\/wp-content\/uploads\/2010\/08\/0810-bodil-og-birte-2.jpg\" rel=\"lightbox[7274]\"><img loading=\"lazy\" decoding=\"async\" class=\"aligncenter size-full wp-image-7277\" title=\"0810 bodil og birte 2\" src=\"http:\/\/www.syenlap.dk\/wp-content\/uploads\/2010\/08\/0810-bodil-og-birte-2.jpg\" alt=\"\" width=\"500\" height=\"598\" \/><\/a><\/p>\n<p><a href=\"http:\/\/www.syenlap.dk\/wp-content\/uploads\/2010\/08\/0810-bodil-og-birte-4.jpg\" rel=\"lightbox[7274]\"><img loading=\"lazy\" decoding=\"async\" class=\"aligncenter size-full wp-image-7278\" title=\"0810 bodil og birte 4\" src=\"http:\/\/www.syenlap.dk\/wp-content\/uploads\/2010\/08\/0810-bodil-og-birte-4.jpg\" alt=\"\" width=\"500\" height=\"610\" \/><\/a><\/p>\n<p><a href=\"http:\/\/www.syenlap.dk\/wp-content\/uploads\/2010\/08\/0810-bodil-og-birte-5.jpg\" rel=\"lightbox[7274]\"><img loading=\"lazy\" decoding=\"async\" class=\"aligncenter size-full wp-image-7279\" title=\"0810 bodil og birte 5\" src=\"http:\/\/www.syenlap.dk\/wp-content\/uploads\/2010\/08\/0810-bodil-og-birte-5.jpg\" alt=\"\" width=\"500\" height=\"589\" \/><\/a><\/p>\n<p>De fort\u00e6ller, at de har haft det s\u00e5 sjovt med at sy alt dette, s\u00e5 de tror nok, de gerne vil monteret blok-t\u00e6pper en anden gang! Den ene s\u00f8ster fra Skagen bes\u00f8gte den anden i S\u00e6by i 4 dage, hvor de bare syede og syede &#8211; og hyggede!<\/p>\n<p><a href=\"http:\/\/www.syenlap.dk\/wp-content\/uploads\/2010\/08\/0810-bodil.jpg\" rel=\"lightbox[7274]\"><img loading=\"lazy\" decoding=\"async\" class=\"aligncenter size-full wp-image-7280\" title=\"0810 bodil\" src=\"http:\/\/www.syenlap.dk\/wp-content\/uploads\/2010\/08\/0810-bodil.jpg\" alt=\"\" width=\"500\" height=\"592\" \/><\/a><\/p>\n<p>Og for at det s\u00e5 ikke skulle v\u00e6re l\u00f8gn, s\u00e5 lavede den ene ogs\u00e5 lige en &#8220;UFO&#8221; f\u00e6rdig, som havde ligget noget tid, s\u00e5 den kommer ogs\u00e5 med, n\u00e5r de vil aflevere alle 6 t\u00e6pper p\u00e5 Tr\u00e6f i Sk\u00e6rb\u00e6k den 28. august. Det er da en forn\u00f8jelse!<\/p>\n","protected":false},"excerpt":{"rendered":"<p>2 nordjyske s\u00f8stre meldte sig som &#8220;monteringstanter&#8221; i vinter, dvs at de gerne ville sy blokke sammen, som andre havde syet og sendt til mig,\u00a0og quilte til f\u00e6rdige puttet\u00e6pper til b\u00f8rn p\u00e5 julem\u00e6rkehjem. Da de kontaktede mig, havde jeg ikke &hellip; <a href=\"http:\/\/www.syenlap.dk\/?p=7274\">L\u00e6s resten <span class=\"meta-nav\">&rarr;<\/span><\/a><\/p>\n","protected":false},"author":2,"featured_media":0,"comment_status":"open","ping_status":"open","sticky":false,"template":"","format":"standard","meta":{"footnotes":""},"categories":[15],"tags":[52],"class_list":["post-7274","post","type-post","status-publish","format-standard","hentry","category-patchwork","tag-puttetpper-til-julemrkehjem"],"_links":{"self":[{"href":"http:\/\/www.syenlap.dk\/index.php?rest_route=\/wp\/v2\/posts\/7274","targetHints":{"allow":["GET"]}}],"collection":[{"href":"http:\/\/www.syenlap.dk\/index.php?rest_route=\/wp\/v2\/posts"}],"about":[{"href":"http:\/\/www.syenlap.dk\/index.php?rest_route=\/wp\/v2\/types\/post"}],"author":[{"embeddable":true,"href":"http:\/\/www.syenlap.dk\/index.php?rest_route=\/wp\/v2\/users\/2"}],"replies":[{"embeddable":true,"href":"http:\/\/www.syenlap.dk\/index.php?rest_route=%2Fwp%2Fv2%2Fcomments&post=7274"}],"version-history":[{"count":0,"href":"http:\/\/www.syenlap.dk\/index.php?rest_route=\/wp\/v2\/posts\/7274\/revisions"}],"wp:attachment":[{"href":"http:\/\/www.syenlap.dk\/index.php?rest_route=%2Fwp%2Fv2%2Fmedia&parent=7274"}],"wp:term":[{"taxonomy":"category","embeddable":true,"href":"http:\/\/www.syenlap.dk\/index.php?rest_route=%2Fwp%2Fv2%2Fcategories&post=7274"},{"taxonomy":"post_tag","embeddable":true,"href":"http:\/\/www.syenlap.dk\/index.php?rest_route=%2Fwp%2Fv2%2Ftags&post=7274"}],"curies":[{"name":"wp","href":"https:\/\/api.w.org\/{rel}","templated":true}]}}