{"id":7283,"date":"2010-08-16T20:16:48","date_gmt":"2010-08-16T18:16:48","guid":{"rendered":"http:\/\/www.syenlap.dk\/?p=7283"},"modified":"2010-08-16T20:16:48","modified_gmt":"2010-08-16T18:16:48","slug":"sa-lykkedes-det","status":"publish","type":"post","link":"http:\/\/www.syenlap.dk\/?p=7283","title":{"rendered":"S\u00e5 lykkedes det"},"content":{"rendered":"<p>S\u00e5 er puttet\u00e6ppet i japansk foldeteknik f\u00e6rdigt, fejlen er rettet, og jeg er meget tilfreds!<\/p>\n<p><a href=\"http:\/\/www.syenlap.dk\/wp-content\/uploads\/2010\/08\/auktionst\u00e6ppe-2.jpg\" rel=\"lightbox[7283]\"><img loading=\"lazy\" decoding=\"async\" class=\"aligncenter size-full wp-image-7285\" title=\"auktionst\u00e6ppe 2\" src=\"http:\/\/www.syenlap.dk\/wp-content\/uploads\/2010\/08\/auktionst\u00e6ppe-2.jpg\" alt=\"\" width=\"500\" height=\"423\" \/><\/a><\/p>\n<p>Det var planlagt som puttet\u00e6ppe til et barn p\u00e5 julem\u00e6rkehjemmet Kildemose med m\u00e5l: 120 x 160 cm, hvilket svarer til det originale m\u00f8nster af Bettina Andersen fra 1996. Men s\u00e5 fik Projekt Puttet\u00e6pper en foresp\u00f8rgsel, om vi ville lade nogle af t\u00e6pperne s\u00e6lge p\u00e5 auktion ved et velg\u00f8renhedsarrangement til fordel for Julem\u00e6rkefonden = julem\u00e6rkehjemmene. Det sagde vi straks ja til, og s\u00e5 \u00e6ndrede jeg det t\u00e6ppe, jeg var ved at sy til st\u00f8rrelse 160 x 200 cm, som jeg tror giver en st\u00f8rre chance for at blive budt op af voksne.<\/p>\n<p><a href=\"http:\/\/www.syenlap.dk\/wp-content\/uploads\/2010\/08\/auktionst\u00e6ppe.jpg\" rel=\"lightbox[7283]\"><img loading=\"lazy\" decoding=\"async\" class=\"aligncenter size-full wp-image-7284\" title=\"auktionst\u00e6ppe\" src=\"http:\/\/www.syenlap.dk\/wp-content\/uploads\/2010\/08\/auktionst\u00e6ppe.jpg\" alt=\"\" width=\"500\" height=\"645\" \/><\/a><\/p>\n<p>Det er un\u00e6gtelig sp\u00e6ndende, om det kan indbringe nogle penge fra de formodentlig velhavende mennesker, som bliver inviteret!<\/p>\n<p>T\u00e6ppet bliver udstillet p\u00e5 Dansk Patchwork Forenings Tr\u00e6f i Sk\u00e6rb\u00e6k 28.-29. august.<\/p>\n<p>Jeg har syet m\u00f8nsteret i flere udgaver f\u00f8r, og jeg vil undervise i denne teknik med &#8220;blomstereffekt&#8221; igen hos <a href=\"http:\/\/www.deuscasino.com\/\" target=\"_blank\">HANNE&#8217;s patchworkbutik igen l\u00f8rdag 23. oktober<\/a>\u00a0med tilladelse fra Bettina Andersen.<\/p>\n","protected":false},"excerpt":{"rendered":"<p>S\u00e5 er puttet\u00e6ppet i japansk foldeteknik f\u00e6rdigt, fejlen er rettet, og jeg er meget tilfreds! Det var planlagt som puttet\u00e6ppe til et barn p\u00e5 julem\u00e6rkehjemmet Kildemose med m\u00e5l: 120 x 160 cm, hvilket svarer til det originale m\u00f8nster af Bettina &hellip; <a href=\"http:\/\/www.syenlap.dk\/?p=7283\">L\u00e6s resten <span class=\"meta-nav\">&rarr;<\/span><\/a><\/p>\n","protected":false},"author":2,"featured_media":0,"comment_status":"open","ping_status":"open","sticky":false,"template":"","format":"standard","meta":{"footnotes":""},"categories":[1],"tags":[],"class_list":["post-7283","post","type-post","status-publish","format-standard","hentry","category-ikke-kategoriseret"],"_links":{"self":[{"href":"http:\/\/www.syenlap.dk\/index.php?rest_route=\/wp\/v2\/posts\/7283","targetHints":{"allow":["GET"]}}],"collection":[{"href":"http:\/\/www.syenlap.dk\/index.php?rest_route=\/wp\/v2\/posts"}],"about":[{"href":"http:\/\/www.syenlap.dk\/index.php?rest_route=\/wp\/v2\/types\/post"}],"author":[{"embeddable":true,"href":"http:\/\/www.syenlap.dk\/index.php?rest_route=\/wp\/v2\/users\/2"}],"replies":[{"embeddable":true,"href":"http:\/\/www.syenlap.dk\/index.php?rest_route=%2Fwp%2Fv2%2Fcomments&post=7283"}],"version-history":[{"count":0,"href":"http:\/\/www.syenlap.dk\/index.php?rest_route=\/wp\/v2\/posts\/7283\/revisions"}],"wp:attachment":[{"href":"http:\/\/www.syenlap.dk\/index.php?rest_route=%2Fwp%2Fv2%2Fmedia&parent=7283"}],"wp:term":[{"taxonomy":"category","embeddable":true,"href":"http:\/\/www.syenlap.dk\/index.php?rest_route=%2Fwp%2Fv2%2Fcategories&post=7283"},{"taxonomy":"post_tag","embeddable":true,"href":"http:\/\/www.syenlap.dk\/index.php?rest_route=%2Fwp%2Fv2%2Ftags&post=7283"}],"curies":[{"name":"wp","href":"https:\/\/api.w.org\/{rel}","templated":true}]}}