{"id":7302,"date":"2010-08-19T17:24:10","date_gmt":"2010-08-19T15:24:10","guid":{"rendered":"http:\/\/www.syenlap.dk\/?p=7302"},"modified":"2010-08-19T17:24:10","modified_gmt":"2010-08-19T15:24:10","slug":"garnk%c3%b8b-med-forhindringer","status":"publish","type":"post","link":"http:\/\/www.syenlap.dk\/?p=7302","title":{"rendered":"Garnk\u00f8b med forhindringer"},"content":{"rendered":"<p>Nu kom det endelig: 2. portion af det Al\u00e1foss Lopi, som jeg vil strikke en stortr\u00f8je til svigerdatteren af.<\/p>\n<p>Hun valgte selv <a href=\"http:\/\/www.syenlap.dk\/?p=7192\" target=\"_blank\">model og garn<\/a>\u00a0, men da jeg l\u00e6ste opskriften, inden jeg skulle til at strikke, opdagede jeg, at jeg kun havde k\u00f8bt halvdelen af, hvad der skulle bruges! Det var naturligvis ekspedienten i butikken, der hjalp med garnet, og hun havde \u00e5benbart ikke opdaget, at der skulle strikkes med dobbelt garn 2 af hver sin farve, s\u00e5 jeg havde kun k\u00f8bt 1 farve og alts\u00e5 halvdelen af, hvad der skulle bruges. Det kan godt v\u00e6re, jeg havde valgt en anden model, hvis jeg havde set det selv, for nu bliver det pebret!<\/p>\n<p>Jeg skrev en mail til butikken &#8211; eller rettere 2, for da jeg ikke fik svar p\u00e5 den f\u00f8rste mail, pr\u00f8vede jeg den anden &#8211; men den kom der heller ikke svar p\u00e5. Jeg vidste nemlig, at det var de sidste 7 n\u00f8gler af den farve, jeg havde k\u00f8bt, og vi havde diskuteret, om det var nok?, s\u00e5 jeg bad om hj\u00e6lp til at l\u00f8se problemet.<\/p>\n<p>Det fik jeg ikke, for der kom ikke svar, s\u00e5 jeg blev tr\u00e6t af det og fandt garnet i en anden butik &#8211; det er ovenik\u00f8bet samme farve- og indfarvningsnummer, og jeg har valgt at strikke dobbelt med samme farve.<\/p>\n<p><a href=\"http:\/\/www.syenlap.dk\/wp-content\/uploads\/2010\/08\/alafoss-lopi1.jpg\" rel=\"lightbox[7302]\"><img loading=\"lazy\" decoding=\"async\" class=\"aligncenter size-full wp-image-7304\" title=\"alafoss lopi1\" src=\"http:\/\/www.syenlap.dk\/wp-content\/uploads\/2010\/08\/alafoss-lopi1.jpg\" alt=\"\" width=\"500\" height=\"396\" \/><\/a>\u00a0<\/p>\n<p>Svigerdatteren n\u00e5ede at undre sig over, at jeg ikke var begyndt (hun ser jo bloggen!), og s\u00e5 m\u00e5tte jeg fort\u00e6lle, at jeg ikke turde begynde, f\u00f8r jeg s\u00e5, om det var samme indfarvningsnummer. Hun blev vildt forf\u00e6rdet, da hun h\u00f8rte, at jeg skulle bruge det dobbelte garn &#8211; det var alt for dyrt! s\u00e5 hun ville have mig til at sende det tilbage. Nej, hun skal nok f\u00e5 den tr\u00f8je, s\u00e5 f\u00e5r hun en mindre julegave \ud83d\ude09<\/p>\n<p>Men nu er der s\u00e5 sl\u00e5et op og begyndt, hall\u00f8jsa, det er godt nok noget andet med s\u00e5 tykt garn og s\u00e5 dobbelt! n\u00e5r man ellers mest strikke p\u00e5 pinde 3 &#8211; 4. Men s\u00e5 bliver det vel ogs\u00e5 hurtigere f\u00e6rdigt.<\/p>\n<p><a href=\"http:\/\/www.syenlap.dk\/wp-content\/uploads\/2010\/08\/alafoss-lopi2.jpg\" rel=\"lightbox[7302]\"><img loading=\"lazy\" decoding=\"async\" class=\"aligncenter size-full wp-image-7305\" title=\"alafoss lopi2\" src=\"http:\/\/www.syenlap.dk\/wp-content\/uploads\/2010\/08\/alafoss-lopi2.jpg\" alt=\"\" width=\"500\" height=\"627\" \/><\/a><\/p>\n<p>Dette billede gav mig lyst til at vise jer nogle af mine orkid\u00e9er, som er helt fantastiske i \u00f8jeblikket<\/p>\n<p><a href=\"http:\/\/www.syenlap.dk\/wp-content\/uploads\/2010\/08\/orkideer-stuen.jpg\" rel=\"lightbox[7302]\"><img loading=\"lazy\" decoding=\"async\" class=\"aligncenter size-full wp-image-7306\" title=\"orkideer stuen\" src=\"http:\/\/www.syenlap.dk\/wp-content\/uploads\/2010\/08\/orkideer-stuen.jpg\" alt=\"\" width=\"500\" height=\"387\" \/><\/a><\/p>\n<p>Nogle af dem er 11 &#8211; 12 \u00e5r gamle. Og de kommer igen og igen 1 &#8211; 2 gange om \u00e5ret og st\u00e5r meget l\u00e6nge. Det er blevet endnu bedre efter, at jeg k\u00f8bte en speciel blandet orkid\u00e9g\u00f8dning af \u00e9n, der solgte orkid\u00e9er mm p\u00e5 <a href=\"http:\/\/www.syenlap.dk\/?p=6537\" target=\"_blank\">L\u00f8ndal i maj<\/a>. De f\u00e5r meget st\u00f8rre og flere blomster nu, og jeg skal ogs\u00e5 have nogle af dem plantet om i st\u00f8rre potter med den specielle bark, som jeg ogs\u00e5 k\u00f8bte af ham, n\u00e5r de er afblomstret denne gang.<\/p>\n<p><a href=\"http:\/\/www.syenlap.dk\/wp-content\/uploads\/2010\/08\/orkideer-stuen2.jpg\" rel=\"lightbox[7302]\"><img loading=\"lazy\" decoding=\"async\" class=\"aligncenter size-full wp-image-7308\" title=\"orkideer stuen2\" src=\"http:\/\/www.syenlap.dk\/wp-content\/uploads\/2010\/08\/orkideer-stuen2.jpg\" alt=\"\" width=\"500\" height=\"674\" \/><\/a>\u00a0<\/p>\n<p>Nogle af dem stammer fra nogle fester, vi har v\u00e6ret til, hos min kusine og hendes mand, gartneren, som havde brugt dem som dekorationer, og s\u00e5 fik g\u00e6sterne 10 &#8211; 12 stykker med hjem!<\/p>\n<p><a href=\"http:\/\/www.syenlap.dk\/wp-content\/uploads\/2010\/08\/orkideer-k\u00f8kken.jpg\" rel=\"lightbox[7302]\"><img loading=\"lazy\" decoding=\"async\" class=\"aligncenter size-full wp-image-7309\" title=\"orkideer k\u00f8kken\" src=\"http:\/\/www.syenlap.dk\/wp-content\/uploads\/2010\/08\/orkideer-k\u00f8kken.jpg\" alt=\"\" width=\"500\" height=\"403\" \/><\/a><\/p>\n<p>Jeg har nok af dem &#8211; dette er k\u00f8kkenvinduet! De passer \u00e5benbart til mig og kan t\u00e5le, at jeg glemmer dem lidt engang imellem!<\/p>\n","protected":false},"excerpt":{"rendered":"<p>Nu kom det endelig: 2. portion af det Al\u00e1foss Lopi, som jeg vil strikke en stortr\u00f8je til svigerdatteren af. Hun valgte selv model og garn\u00a0, men da jeg l\u00e6ste opskriften, inden jeg skulle til at strikke, opdagede jeg, at jeg &hellip; <a href=\"http:\/\/www.syenlap.dk\/?p=7302\">L\u00e6s resten <span class=\"meta-nav\">&rarr;<\/span><\/a><\/p>\n","protected":false},"author":2,"featured_media":0,"comment_status":"open","ping_status":"open","sticky":false,"template":"","format":"standard","meta":{"footnotes":""},"categories":[7,16],"tags":[],"class_list":["post-7302","post","type-post","status-publish","format-standard","hentry","category-glder-og-sorger","category-strik"],"_links":{"self":[{"href":"http:\/\/www.syenlap.dk\/index.php?rest_route=\/wp\/v2\/posts\/7302","targetHints":{"allow":["GET"]}}],"collection":[{"href":"http:\/\/www.syenlap.dk\/index.php?rest_route=\/wp\/v2\/posts"}],"about":[{"href":"http:\/\/www.syenlap.dk\/index.php?rest_route=\/wp\/v2\/types\/post"}],"author":[{"embeddable":true,"href":"http:\/\/www.syenlap.dk\/index.php?rest_route=\/wp\/v2\/users\/2"}],"replies":[{"embeddable":true,"href":"http:\/\/www.syenlap.dk\/index.php?rest_route=%2Fwp%2Fv2%2Fcomments&post=7302"}],"version-history":[{"count":0,"href":"http:\/\/www.syenlap.dk\/index.php?rest_route=\/wp\/v2\/posts\/7302\/revisions"}],"wp:attachment":[{"href":"http:\/\/www.syenlap.dk\/index.php?rest_route=%2Fwp%2Fv2%2Fmedia&parent=7302"}],"wp:term":[{"taxonomy":"category","embeddable":true,"href":"http:\/\/www.syenlap.dk\/index.php?rest_route=%2Fwp%2Fv2%2Fcategories&post=7302"},{"taxonomy":"post_tag","embeddable":true,"href":"http:\/\/www.syenlap.dk\/index.php?rest_route=%2Fwp%2Fv2%2Ftags&post=7302"}],"curies":[{"name":"wp","href":"https:\/\/api.w.org\/{rel}","templated":true}]}}