{"id":7314,"date":"2010-08-20T19:15:19","date_gmt":"2010-08-20T17:15:19","guid":{"rendered":"http:\/\/www.syenlap.dk\/?p=7314"},"modified":"2010-08-20T19:15:19","modified_gmt":"2010-08-20T17:15:19","slug":"kinesiske-m%c3%b8ller-2","status":"publish","type":"post","link":"http:\/\/www.syenlap.dk\/?p=7314","title":{"rendered":"&quot;Kinesiske M\u00f8ller&quot;"},"content":{"rendered":"<p>Hm, nu fandt jeg det frem og meldte det til medlemsudstilling p\u00e5 Tr\u00e6f n\u00e6ste weekend, s\u00e5 m\u00e5 det jo blive f\u00e6rdigt!<\/p>\n<p><a href=\"http:\/\/www.syenlap.dk\/wp-content\/uploads\/2010\/08\/kin-m\u00f8ller.jpg\" rel=\"lightbox[7314]\"><img loading=\"lazy\" decoding=\"async\" class=\"aligncenter size-full wp-image-7315\" title=\"kin m\u00f8ller\" src=\"http:\/\/www.syenlap.dk\/wp-content\/uploads\/2010\/08\/kin-m\u00f8ller.jpg\" alt=\"\" width=\"500\" height=\"375\" \/><\/a><\/p>\n<p>Og ja &#8211; der er nu sat bagside p\u00e5, der er quiltet med perler, s\u00e5 der mangler kun lukkekant, og den er sk\u00e5ret.<\/p>\n<p><a href=\"http:\/\/www.syenlap.dk\/wp-content\/uploads\/2010\/08\/kin-m\u00f8ller-detail.jpg\" rel=\"lightbox[7314]\"><img loading=\"lazy\" decoding=\"async\" class=\"aligncenter size-full wp-image-7316\" title=\"kin m\u00f8ller detail\" src=\"http:\/\/www.syenlap.dk\/wp-content\/uploads\/2010\/08\/kin-m\u00f8ller-detail.jpg\" alt=\"\" width=\"500\" height=\"476\" \/><\/a><\/p>\n<p>Man kan da godt se &#8220;m\u00f8llen&#8221; ikk&#8217;?<\/p>\n<p><a href=\"http:\/\/www.syenlap.dk\/wp-content\/uploads\/2010\/08\/kin-m\u00f8ller-detail2.jpg\" rel=\"lightbox[7314]\"><img loading=\"lazy\" decoding=\"async\" class=\"aligncenter size-full wp-image-7317\" title=\"kin m\u00f8ller detail2\" src=\"http:\/\/www.syenlap.dk\/wp-content\/uploads\/2010\/08\/kin-m\u00f8ller-detail2.jpg\" alt=\"\" width=\"500\" height=\"507\" \/><\/a><\/p>\n<p>og perlerne, som er den eneste quiltning.<\/p>\n<p>Jo, jeg har ogs\u00e5 UFO&#8217;er!<\/p>\n","protected":false},"excerpt":{"rendered":"<p>Hm, nu fandt jeg det frem og meldte det til medlemsudstilling p\u00e5 Tr\u00e6f n\u00e6ste weekend, s\u00e5 m\u00e5 det jo blive f\u00e6rdigt! Og ja &#8211; der er nu sat bagside p\u00e5, der er quiltet med perler, s\u00e5 der mangler kun lukkekant, &hellip; <a href=\"http:\/\/www.syenlap.dk\/?p=7314\">L\u00e6s resten <span class=\"meta-nav\">&rarr;<\/span><\/a><\/p>\n","protected":false},"author":2,"featured_media":0,"comment_status":"open","ping_status":"open","sticky":false,"template":"","format":"standard","meta":{"footnotes":""},"categories":[15],"tags":[],"class_list":["post-7314","post","type-post","status-publish","format-standard","hentry","category-patchwork"],"_links":{"self":[{"href":"http:\/\/www.syenlap.dk\/index.php?rest_route=\/wp\/v2\/posts\/7314","targetHints":{"allow":["GET"]}}],"collection":[{"href":"http:\/\/www.syenlap.dk\/index.php?rest_route=\/wp\/v2\/posts"}],"about":[{"href":"http:\/\/www.syenlap.dk\/index.php?rest_route=\/wp\/v2\/types\/post"}],"author":[{"embeddable":true,"href":"http:\/\/www.syenlap.dk\/index.php?rest_route=\/wp\/v2\/users\/2"}],"replies":[{"embeddable":true,"href":"http:\/\/www.syenlap.dk\/index.php?rest_route=%2Fwp%2Fv2%2Fcomments&post=7314"}],"version-history":[{"count":0,"href":"http:\/\/www.syenlap.dk\/index.php?rest_route=\/wp\/v2\/posts\/7314\/revisions"}],"wp:attachment":[{"href":"http:\/\/www.syenlap.dk\/index.php?rest_route=%2Fwp%2Fv2%2Fmedia&parent=7314"}],"wp:term":[{"taxonomy":"category","embeddable":true,"href":"http:\/\/www.syenlap.dk\/index.php?rest_route=%2Fwp%2Fv2%2Fcategories&post=7314"},{"taxonomy":"post_tag","embeddable":true,"href":"http:\/\/www.syenlap.dk\/index.php?rest_route=%2Fwp%2Fv2%2Ftags&post=7314"}],"curies":[{"name":"wp","href":"https:\/\/api.w.org\/{rel}","templated":true}]}}