{"id":7384,"date":"2010-08-25T10:57:28","date_gmt":"2010-08-25T08:57:28","guid":{"rendered":"http:\/\/www.syenlap.dk\/?p=7384"},"modified":"2010-08-25T10:57:28","modified_gmt":"2010-08-25T08:57:28","slug":"udvalgte-quilts-pa-auktion","status":"publish","type":"post","link":"http:\/\/www.syenlap.dk\/?p=7384","title":{"rendered":"Udvalgte quilts p\u00e5 auktion"},"content":{"rendered":"<p>Nu foreligger der konkret nyt om det arrangement, der skal finde sted til fordel for Julem\u00e6rkefonden, hvor bl.a. 10 udvalgte &#8220;puttet\u00e6pper&#8221; vil blive sat p\u00e5 auktion,\u00a0og indt\u00e6gten g\u00e5r ubesk\u00e5ret til Julem\u00e6rkefonden.<\/p>\n<p>Arrangementet finder sted den 18. november i firmaet <a href=\"http:\/\/www.raun.com\/#\/361155\/\" target=\"_blank\">&#8220;Raun&#8221; i Lyngby<\/a><a href=\"http:\/\/www.syenlap.dk\/wp-content\/uploads\/2010\/08\/0610-birthe-bente.jpg\" rel=\"lightbox[7384]\"><\/a>, hvor auktionen er et af flere indslag, og hvor flere kendte mennesker medvirker: f.eks. <a href=\"http:\/\/www.sarahkoelpin.dk\/\" target=\"_blank\">Sarah K\u00f8lpin<\/a> og <a href=\"http:\/\/christianbitz.com\/\" target=\"_blank\">Christian Bitz<\/a> med et foredrag med dobbelttitlen &#8220;Det s\u00f8de liv&#8221;, der handler om ern\u00e6ring mm. Vi er meget sp\u00e6ndte p\u00e5, om puttet\u00e6pperne kan indbringe nogle penge til Julem\u00e6rkefonden, og vi har hen over sommeren udvalgt nogle t\u00e6pper, som har en vis st\u00f8rrelse, da det er voksne, der skal byde p\u00e5 dem, og\u00a0med forskellig stil. Her er et par stykker af dem (klik p\u00e5 billedet for at se det i fuld str.) :<\/p>\n<p><a href=\"http:\/\/www.syenlap.dk\/wp-content\/uploads\/2010\/08\/pu0510-tull-33.jpg\" rel=\"lightbox[7384]\"><img loading=\"lazy\" decoding=\"async\" class=\"aligncenter size-thumbnail wp-image-7398\" title=\"pu0510 tull 3\" src=\"http:\/\/www.syenlap.dk\/wp-content\/uploads\/2010\/08\/pu0510-tull-33-150x150.jpg\" alt=\"\" width=\"150\" height=\"150\" \/><\/a><a href=\"http:\/\/www.syenlap.dk\/wp-content\/uploads\/2010\/08\/kaffe-fassett-auktions-puttet\u00e6ppe3.jpg\" rel=\"lightbox[7384]\"><img loading=\"lazy\" decoding=\"async\" class=\"aligncenter size-thumbnail wp-image-7397\" title=\"kaffe fassett auktions puttet\u00e6ppe\" src=\"http:\/\/www.syenlap.dk\/wp-content\/uploads\/2010\/08\/kaffe-fassett-auktions-puttet\u00e6ppe3-150x150.jpg\" alt=\"\" width=\"150\" height=\"150\" \/><\/a><a href=\"http:\/\/www.syenlap.dk\/wp-content\/uploads\/2010\/08\/0610-birthe-bente1.jpg\" rel=\"lightbox[7384]\"><img loading=\"lazy\" decoding=\"async\" class=\"aligncenter size-thumbnail wp-image-7406\" title=\"0610 birthe bente\" src=\"http:\/\/www.syenlap.dk\/wp-content\/uploads\/2010\/08\/0610-birthe-bente1-150x150.jpg\" alt=\"\" width=\"150\" height=\"150\" \/><\/a><a href=\"http:\/\/www.syenlap.dk\/wp-content\/uploads\/2010\/08\/auktionst\u00e6ppe2.jpg\" rel=\"lightbox[7384]\"><img loading=\"lazy\" decoding=\"async\" class=\"aligncenter size-thumbnail wp-image-7396\" title=\"auktionst\u00e6ppe\" src=\"http:\/\/www.syenlap.dk\/wp-content\/uploads\/2010\/08\/auktionst\u00e6ppe2-150x150.jpg\" alt=\"\" width=\"150\" height=\"150\" \/><\/a><\/p>\n<p>Den endelige udv\u00e6lgelse sker p\u00e5 Tr\u00e6f p\u00e5 S\u00f8ndag 29. august, og alle t\u00e6pperne kan i\u00f8vrigt ses p\u00e5 Tr\u00e6f.<\/p>\n<p>Alle 10 t\u00e6pper bliver udstillet i firmaet <a href=\"http:\/\/www.raun.com\/#\/361155\/\" target=\"_blank\">&#8220;Raun&#8221; i Lyngby<\/a>\u00a0i september\/oktober\/november, hvor der er fine udstillingmuligheder.<\/p>\n","protected":false},"excerpt":{"rendered":"<p>Nu foreligger der konkret nyt om det arrangement, der skal finde sted til fordel for Julem\u00e6rkefonden, hvor bl.a. 10 udvalgte &#8220;puttet\u00e6pper&#8221; vil blive sat p\u00e5 auktion,\u00a0og indt\u00e6gten g\u00e5r ubesk\u00e5ret til Julem\u00e6rkefonden. Arrangementet finder sted den 18. november i firmaet &#8220;Raun&#8221; &hellip; <a href=\"http:\/\/www.syenlap.dk\/?p=7384\">L\u00e6s resten <span class=\"meta-nav\">&rarr;<\/span><\/a><\/p>\n","protected":false},"author":2,"featured_media":0,"comment_status":"open","ping_status":"open","sticky":false,"template":"","format":"standard","meta":{"footnotes":""},"categories":[15],"tags":[51],"class_list":["post-7384","post","type-post","status-publish","format-standard","hentry","category-patchwork","tag-projekt-puttetpper"],"_links":{"self":[{"href":"http:\/\/www.syenlap.dk\/index.php?rest_route=\/wp\/v2\/posts\/7384","targetHints":{"allow":["GET"]}}],"collection":[{"href":"http:\/\/www.syenlap.dk\/index.php?rest_route=\/wp\/v2\/posts"}],"about":[{"href":"http:\/\/www.syenlap.dk\/index.php?rest_route=\/wp\/v2\/types\/post"}],"author":[{"embeddable":true,"href":"http:\/\/www.syenlap.dk\/index.php?rest_route=\/wp\/v2\/users\/2"}],"replies":[{"embeddable":true,"href":"http:\/\/www.syenlap.dk\/index.php?rest_route=%2Fwp%2Fv2%2Fcomments&post=7384"}],"version-history":[{"count":0,"href":"http:\/\/www.syenlap.dk\/index.php?rest_route=\/wp\/v2\/posts\/7384\/revisions"}],"wp:attachment":[{"href":"http:\/\/www.syenlap.dk\/index.php?rest_route=%2Fwp%2Fv2%2Fmedia&parent=7384"}],"wp:term":[{"taxonomy":"category","embeddable":true,"href":"http:\/\/www.syenlap.dk\/index.php?rest_route=%2Fwp%2Fv2%2Fcategories&post=7384"},{"taxonomy":"post_tag","embeddable":true,"href":"http:\/\/www.syenlap.dk\/index.php?rest_route=%2Fwp%2Fv2%2Ftags&post=7384"}],"curies":[{"name":"wp","href":"https:\/\/api.w.org\/{rel}","templated":true}]}}