{"id":8070,"date":"2010-10-27T16:59:04","date_gmt":"2010-10-27T14:59:04","guid":{"rendered":"http:\/\/www.syenlap.dk\/?p=8070"},"modified":"2010-10-27T16:59:04","modified_gmt":"2010-10-27T14:59:04","slug":"91-arig-syr-puttet%c3%a6ppe","status":"publish","type":"post","link":"http:\/\/www.syenlap.dk\/?p=8070","title":{"rendered":"91-\u00e5rig syr puttet\u00e6ppe!"},"content":{"rendered":"<p><a href=\"http:\/\/www.syenlap.dk\/wp-content\/uploads\/2010\/10\/karen-iversen-og-bente-blokt\u00e6ppe-2010.jpg\" rel=\"lightbox[8070]\"><img loading=\"lazy\" decoding=\"async\" class=\"aligncenter size-full wp-image-8071\" title=\"karen iversen og bente blokt\u00e6ppe 2010\" src=\"http:\/\/www.syenlap.dk\/wp-content\/uploads\/2010\/10\/karen-iversen-og-bente-blokt\u00e6ppe-2010.jpg\" alt=\"\" width=\"500\" height=\"654\" \/><\/a><\/p>\n<p>Det er flot klaret, at man som 91-\u00e5rige Karen har syet et puttet\u00e6ppe til et barn p\u00e5 julem\u00e6rkehjem! 30 blokke efter 2010 m\u00f8nsteret s\u00e5 fint og akkurat syet i h\u00e5nden, at ingen kan sy det finere! Bente har monteret og quiltet det, og Karen s\u00e5 det selv f\u00e6rdigt i dag. Karen har syet patchwork i mange \u00e5r og forts\u00e6tter med at sy flere blokke til puttet\u00e6pper!<\/p>\n<p>Vi syntes p\u00e5 S\u00f8nderg\u00e5rdens patchworkhold, at det var v\u00e6rd at vise frem, s\u00e5 vi havde inviteret Horsens Folkeblad til at komme og tage billeder, og det gjorde de gerne. S\u00e5 der kommer billeder af b\u00e5de Karen og Bente og hele det flittige patchworkhold p\u00e5 tirsdag.<\/p>\n<p><a href=\"http:\/\/www.syenlap.dk\/wp-content\/uploads\/2010\/10\/1010-karen-iversen-og-bente-blokt\u00e6ppe.jpg\" rel=\"lightbox[8070]\"><img loading=\"lazy\" decoding=\"async\" class=\"aligncenter size-full wp-image-8072\" title=\"1010 karen iversen og bente blokt\u00e6ppe\" src=\"http:\/\/www.syenlap.dk\/wp-content\/uploads\/2010\/10\/1010-karen-iversen-og-bente-blokt\u00e6ppe.jpg\" alt=\"\" width=\"500\" height=\"570\" \/><\/a><\/p>\n<p>Vi benyttede lejligheden til at lave en lille udstilling af puttet\u00e6pper og fort\u00e6lle om projektet, det er netop aktuelt nu, hvor det nye julem\u00e6rke er udkommet.<\/p>\n","protected":false},"excerpt":{"rendered":"<p>Det er flot klaret, at man som 91-\u00e5rige Karen har syet et puttet\u00e6ppe til et barn p\u00e5 julem\u00e6rkehjem! 30 blokke efter 2010 m\u00f8nsteret s\u00e5 fint og akkurat syet i h\u00e5nden, at ingen kan sy det finere! Bente har monteret og &hellip; <a href=\"http:\/\/www.syenlap.dk\/?p=8070\">L\u00e6s resten <span class=\"meta-nav\">&rarr;<\/span><\/a><\/p>\n","protected":false},"author":2,"featured_media":0,"comment_status":"open","ping_status":"open","sticky":false,"template":"","format":"standard","meta":{"footnotes":""},"categories":[12,15],"tags":[52],"class_list":["post-8070","post","type-post","status-publish","format-standard","hentry","category-oplevelser","category-patchwork","tag-puttetpper-til-julemrkehjem"],"_links":{"self":[{"href":"http:\/\/www.syenlap.dk\/index.php?rest_route=\/wp\/v2\/posts\/8070","targetHints":{"allow":["GET"]}}],"collection":[{"href":"http:\/\/www.syenlap.dk\/index.php?rest_route=\/wp\/v2\/posts"}],"about":[{"href":"http:\/\/www.syenlap.dk\/index.php?rest_route=\/wp\/v2\/types\/post"}],"author":[{"embeddable":true,"href":"http:\/\/www.syenlap.dk\/index.php?rest_route=\/wp\/v2\/users\/2"}],"replies":[{"embeddable":true,"href":"http:\/\/www.syenlap.dk\/index.php?rest_route=%2Fwp%2Fv2%2Fcomments&post=8070"}],"version-history":[{"count":0,"href":"http:\/\/www.syenlap.dk\/index.php?rest_route=\/wp\/v2\/posts\/8070\/revisions"}],"wp:attachment":[{"href":"http:\/\/www.syenlap.dk\/index.php?rest_route=%2Fwp%2Fv2%2Fmedia&parent=8070"}],"wp:term":[{"taxonomy":"category","embeddable":true,"href":"http:\/\/www.syenlap.dk\/index.php?rest_route=%2Fwp%2Fv2%2Fcategories&post=8070"},{"taxonomy":"post_tag","embeddable":true,"href":"http:\/\/www.syenlap.dk\/index.php?rest_route=%2Fwp%2Fv2%2Ftags&post=8070"}],"curies":[{"name":"wp","href":"https:\/\/api.w.org\/{rel}","templated":true}]}}