{"id":8087,"date":"2010-10-29T12:00:02","date_gmt":"2010-10-29T10:00:02","guid":{"rendered":"http:\/\/www.syenlap.dk\/?p=8087"},"modified":"2010-10-29T12:00:02","modified_gmt":"2010-10-29T10:00:02","slug":"en-syaften-i-vitus-bering-quilterne","status":"publish","type":"post","link":"http:\/\/www.syenlap.dk\/?p=8087","title":{"rendered":"En syaften i Vitus Bering Quilterne"},"content":{"rendered":"<p>Vitus Bering Quilterne havde f\u00f8rste syaften efter den store <a href=\"http:\/\/www.syenlap.dk\/?p=7786\" target=\"_blank\">jubil\u00e6umsudstilling<\/a>. Og der var mange, mange rosende ord til bestyrelsen for det store arbejde, de havde haft med det s\u00e6rdeles vellykkede arrangement! Det gav ovenik\u00f8bet et p\u00e6nt \u00f8konomisk resultat, det er heller ikke til at kimse af, s\u00e5 klapsalverne var mange!<\/p>\n<p><a href=\"http:\/\/www.syenlap.dk\/wp-content\/uploads\/2010\/10\/281010-VB1.jpg\" rel=\"lightbox[8087]\"><img loading=\"lazy\" decoding=\"async\" class=\"aligncenter size-full wp-image-8088\" title=\"281010 VB1\" src=\"http:\/\/www.syenlap.dk\/wp-content\/uploads\/2010\/10\/281010-VB1.jpg\" alt=\"\" width=\"500\" height=\"338\" \/><\/a><\/p>\n<p>Der var et andet godt resultat, idet der var mange nye ansigter i gruppen, det havde sikkert ogs\u00e5 noget med udstillingen at g\u00f8re, det er dejligt. Det er en meget \u00e5ben og uh\u00f8jtidelig patchworkgruppe, og der var rigtig mange til stede i g\u00e5r, s\u00e5 jeg gik en tur rundt med kameraet og indfangede nogle af de sm\u00e5 og store projekter, som der arbejdes med.<\/p>\n<p><a href=\"http:\/\/www.syenlap.dk\/wp-content\/uploads\/2010\/10\/281010-VB2.jpg\" rel=\"lightbox[8087]\"><img loading=\"lazy\" decoding=\"async\" class=\"aligncenter size-full wp-image-8089\" title=\"281010 VB2\" src=\"http:\/\/www.syenlap.dk\/wp-content\/uploads\/2010\/10\/281010-VB2.jpg\" alt=\"\" width=\"500\" height=\"353\" \/><\/a><\/p>\n<p>Vi viser altid frem, n\u00e5r et arbejde er f\u00e6rdigt, i g\u00e5r s\u00e5 vi ogs\u00e5 halvf\u00e6rdige resultater, som her Signes senget\u00e6ppe i japansk foldeteknik, som hun netop er halvt f\u00e6rdig med.<\/p>\n<p><a href=\"http:\/\/www.syenlap.dk\/wp-content\/uploads\/2010\/10\/281010-VB3.jpg\" rel=\"lightbox[8087]\"><img loading=\"lazy\" decoding=\"async\" class=\"aligncenter size-full wp-image-8090\" title=\"281010 VB3\" src=\"http:\/\/www.syenlap.dk\/wp-content\/uploads\/2010\/10\/281010-VB3.jpg\" alt=\"\" width=\"500\" height=\"617\" \/><\/a><\/p>\n<p>Eller dette flotte t\u00e6ppe\u00a0i halv-log-cabin, som er n\u00e6sten f\u00e6rdigt. Vi skal nok f\u00e5 det fotograferet, n\u00e5r det er helt f\u00e6rdigt.<\/p>\n<p><a href=\"http:\/\/www.syenlap.dk\/wp-content\/uploads\/2010\/10\/281010-VB4.jpg\" rel=\"lightbox[8087]\"><img loading=\"lazy\" decoding=\"async\" class=\"aligncenter size-full wp-image-8091\" title=\"281010 VB4\" src=\"http:\/\/www.syenlap.dk\/wp-content\/uploads\/2010\/10\/281010-VB4.jpg\" alt=\"\" width=\"500\" height=\"406\" \/><\/a><\/p>\n<p>Sm\u00e5 quilteprojekter fra B\u00f8gelund Patchwork<\/p>\n<p><a href=\"http:\/\/www.syenlap.dk\/wp-content\/uploads\/2010\/10\/281010-VB5.jpg\" rel=\"lightbox[8087]\"><img loading=\"lazy\" decoding=\"async\" class=\"aligncenter size-full wp-image-8092\" title=\"281010 VB5\" src=\"http:\/\/www.syenlap.dk\/wp-content\/uploads\/2010\/10\/281010-VB5.jpg\" alt=\"\" width=\"500\" height=\"420\" \/><\/a><\/p>\n<p><a href=\"http:\/\/www.syenlap.dk\/wp-content\/uploads\/2010\/10\/281010-VB7.jpg\" rel=\"lightbox[8087]\"><img loading=\"lazy\" decoding=\"async\" class=\"aligncenter size-full wp-image-8093\" title=\"281010 VB7\" src=\"http:\/\/www.syenlap.dk\/wp-content\/uploads\/2010\/10\/281010-VB7.jpg\" alt=\"\" width=\"500\" height=\"469\" \/><\/a><\/p>\n<p><a href=\"http:\/\/www.syenlap.dk\/wp-content\/uploads\/2010\/10\/281010-VB8.jpg\" rel=\"lightbox[8087]\"><img loading=\"lazy\" decoding=\"async\" class=\"aligncenter size-full wp-image-8094\" title=\"281010 VB8\" src=\"http:\/\/www.syenlap.dk\/wp-content\/uploads\/2010\/10\/281010-VB8.jpg\" alt=\"\" width=\"500\" height=\"314\" \/><\/a><\/p>\n<p>.. og blokke til et patchworkprojekt med embroideries, som er meget popul\u00e6rt.<\/p>\n<p><a href=\"http:\/\/www.syenlap.dk\/wp-content\/uploads\/2010\/10\/281010-VB9.jpg\" rel=\"lightbox[8087]\"><img loading=\"lazy\" decoding=\"async\" class=\"aligncenter size-full wp-image-8095\" title=\"281010 VB9\" src=\"http:\/\/www.syenlap.dk\/wp-content\/uploads\/2010\/10\/281010-VB9.jpg\" alt=\"\" width=\"500\" height=\"475\" \/><\/a><\/p>\n<p>Ulla var ikke meget for at vise sit arbejde frem, f\u00f8r det er f\u00e6rdigt, men<\/p>\n<p><a href=\"http:\/\/www.syenlap.dk\/wp-content\/uploads\/2010\/10\/281010-VB10.jpg\" rel=\"lightbox[8087]\"><img loading=\"lazy\" decoding=\"async\" class=\"aligncenter size-full wp-image-8096\" title=\"281010 VB10\" src=\"http:\/\/www.syenlap.dk\/wp-content\/uploads\/2010\/10\/281010-VB10.jpg\" alt=\"\" width=\"500\" height=\"329\" \/><\/a><\/p>\n<p>med lidt snedighed blev hun lokket til det! Det skal blive et senget\u00e6ppe.<\/p>\n<p><a href=\"http:\/\/www.syenlap.dk\/wp-content\/uploads\/2010\/10\/281010-VB11.jpg\" rel=\"lightbox[8087]\"><img loading=\"lazy\" decoding=\"async\" class=\"aligncenter size-full wp-image-8097\" title=\"281010 VB11\" src=\"http:\/\/www.syenlap.dk\/wp-content\/uploads\/2010\/10\/281010-VB11.jpg\" alt=\"\" width=\"500\" height=\"358\" \/><\/a><\/p>\n<p>P\u00e5 bordene l\u00e5 der mange forskellige eksempler p\u00e5 p\u00e5begyndte projekter<\/p>\n<p><a href=\"http:\/\/www.syenlap.dk\/wp-content\/uploads\/2010\/10\/281010-VB12.jpg\" rel=\"lightbox[8087]\"><img loading=\"lazy\" decoding=\"async\" class=\"aligncenter size-full wp-image-8098\" title=\"281010 VB12\" src=\"http:\/\/www.syenlap.dk\/wp-content\/uploads\/2010\/10\/281010-VB12.jpg\" alt=\"\" width=\"500\" height=\"263\" \/><\/a><\/p>\n<p>Og et enkelt blev helt f\u00e6rdigt netop p\u00e5 aftenen, nemlig 4 store d\u00e6kkeservietter som resultat af et kursus. Sk\u00e5ret i buede former som &#8220;Stack-n-wack&#8221;<\/p>\n<p><a href=\"http:\/\/www.syenlap.dk\/wp-content\/uploads\/2010\/10\/281010-VB13.jpg\" rel=\"lightbox[8087]\"><img loading=\"lazy\" decoding=\"async\" class=\"aligncenter size-full wp-image-8099\" title=\"281010 VB13\" src=\"http:\/\/www.syenlap.dk\/wp-content\/uploads\/2010\/10\/281010-VB13.jpg\" alt=\"\" width=\"500\" height=\"399\" \/><\/a><\/p>\n<p>de kunne ogs\u00e5 have v\u00e6ret syet sammen til en dug.<\/p>\n<p><a href=\"http:\/\/www.syenlap.dk\/wp-content\/uploads\/2010\/10\/281010-VB14.jpg\" rel=\"lightbox[8087]\"><img loading=\"lazy\" decoding=\"async\" class=\"aligncenter size-full wp-image-8100\" title=\"281010 VB14\" src=\"http:\/\/www.syenlap.dk\/wp-content\/uploads\/2010\/10\/281010-VB14.jpg\" alt=\"\" width=\"500\" height=\"686\" \/><\/a><\/p>\n<p>Endelig en l\u00f8ber eller et oph\u00e6ng med s\u00f8de dyr, som Lene er n\u00e6sten f\u00e6rdig med.<\/p>\n","protected":false},"excerpt":{"rendered":"<p>Vitus Bering Quilterne havde f\u00f8rste syaften efter den store jubil\u00e6umsudstilling. Og der var mange, mange rosende ord til bestyrelsen for det store arbejde, de havde haft med det s\u00e6rdeles vellykkede arrangement! Det gav ovenik\u00f8bet et p\u00e6nt \u00f8konomisk resultat, det er &hellip; <a href=\"http:\/\/www.syenlap.dk\/?p=8087\">L\u00e6s resten <span class=\"meta-nav\">&rarr;<\/span><\/a><\/p>\n","protected":false},"author":2,"featured_media":0,"comment_status":"open","ping_status":"open","sticky":false,"template":"","format":"standard","meta":{"footnotes":""},"categories":[15],"tags":[],"class_list":["post-8087","post","type-post","status-publish","format-standard","hentry","category-patchwork"],"_links":{"self":[{"href":"http:\/\/www.syenlap.dk\/index.php?rest_route=\/wp\/v2\/posts\/8087","targetHints":{"allow":["GET"]}}],"collection":[{"href":"http:\/\/www.syenlap.dk\/index.php?rest_route=\/wp\/v2\/posts"}],"about":[{"href":"http:\/\/www.syenlap.dk\/index.php?rest_route=\/wp\/v2\/types\/post"}],"author":[{"embeddable":true,"href":"http:\/\/www.syenlap.dk\/index.php?rest_route=\/wp\/v2\/users\/2"}],"replies":[{"embeddable":true,"href":"http:\/\/www.syenlap.dk\/index.php?rest_route=%2Fwp%2Fv2%2Fcomments&post=8087"}],"version-history":[{"count":0,"href":"http:\/\/www.syenlap.dk\/index.php?rest_route=\/wp\/v2\/posts\/8087\/revisions"}],"wp:attachment":[{"href":"http:\/\/www.syenlap.dk\/index.php?rest_route=%2Fwp%2Fv2%2Fmedia&parent=8087"}],"wp:term":[{"taxonomy":"category","embeddable":true,"href":"http:\/\/www.syenlap.dk\/index.php?rest_route=%2Fwp%2Fv2%2Fcategories&post=8087"},{"taxonomy":"post_tag","embeddable":true,"href":"http:\/\/www.syenlap.dk\/index.php?rest_route=%2Fwp%2Fv2%2Ftags&post=8087"}],"curies":[{"name":"wp","href":"https:\/\/api.w.org\/{rel}","templated":true}]}}