{"id":8110,"date":"2010-10-30T13:09:56","date_gmt":"2010-10-30T11:09:56","guid":{"rendered":"http:\/\/www.syenlap.dk\/?p=8110"},"modified":"2010-10-30T13:09:56","modified_gmt":"2010-10-30T11:09:56","slug":"variation-af-puttet%c3%a6ppe-med-pa-mini-messe","status":"publish","type":"post","link":"http:\/\/www.syenlap.dk\/?p=8110","title":{"rendered":"Variation af puttet\u00e6ppe med p\u00e5 MINI MESSE"},"content":{"rendered":"<p>Blandt de mange, der syr blokke til puttet\u00e6pper, er der is\u00e6r 2 damer, der er meget flittige. Og allerede p\u00e5 Tr\u00e6f i august kom de og afleverede poser fulde af f\u00e6rdigsyede blokke, heriblandt 20 blokke syet efter 2010 m\u00f8nsteret &#8220;Stier og hegn&#8221;..<\/p>\n<p><a href=\"http:\/\/www.syenlap.dk\/wp-content\/uploads\/2010\/10\/1-blok-2010-Stier-og-hegn.jpg\" rel=\"lightbox[8110]\"><img loading=\"lazy\" decoding=\"async\" class=\"aligncenter size-full wp-image-8111\" title=\"1 blok 2010 Stier og hegn\" src=\"http:\/\/www.syenlap.dk\/wp-content\/uploads\/2010\/10\/1-blok-2010-Stier-og-hegn.jpg\" alt=\"\" width=\"386\" height=\"376\" \/><\/a><\/p>\n<p>&#8230; som sys af mange rester med hvidt imellem.<\/p>\n<p><a href=\"http:\/\/www.syenlap.dk\/wp-content\/uploads\/2010\/10\/blokt\u00e6ppe-r\u00f8dt-detail.jpg\" rel=\"lightbox[8110]\"><img loading=\"lazy\" decoding=\"async\" class=\"aligncenter size-full wp-image-8112\" title=\"blokt\u00e6ppe r\u00f8dt detail\" src=\"http:\/\/www.syenlap.dk\/wp-content\/uploads\/2010\/10\/blokt\u00e6ppe-r\u00f8dt-detail.jpg\" alt=\"\" width=\"500\" height=\"375\" \/><\/a><\/p>\n<p>De 2 damer havde syet disse 20 blokke i andre farver, stadig med rester, men med pink i stedet for hvidt og meget smukt med samme gennemg\u00e5ende stof i trekanter og rektangler. Det <strong>M\u00c5 MAN GODT, N\u00c5R DER BLOKKE NOK TIL ET HELT T\u00c6PPE!<\/strong> Og det er der i de 20 blokke, i hvert fald, n\u00e5r man enten s\u00e6tter brede kanter udenom eller &#8211; som jeg har gjort her &#8211; monterer dem med et gitter.<\/p>\n<p><a href=\"http:\/\/www.syenlap.dk\/wp-content\/uploads\/2010\/10\/blokt\u00e6ppe-r\u00f8dt.jpg\" rel=\"lightbox[8110]\"><img loading=\"lazy\" decoding=\"async\" class=\"aligncenter size-full wp-image-8113\" title=\"blokt\u00e6ppe r\u00f8dt\" src=\"http:\/\/www.syenlap.dk\/wp-content\/uploads\/2010\/10\/blokt\u00e6ppe-r\u00f8dt.jpg\" alt=\"\" width=\"500\" height=\"381\" \/><\/a><\/p>\n<p>Jeg vil jo ogs\u00e5 gerne selv montere blokt\u00e6pper indimellem, og jeg kunne rigtig godt lide de farver Inga og Maren har brugt. S\u00e5 nu skal jeg lige have det quiltet og lukket, s\u00e5 kommer det med til <a href=\"http:\/\/hanneshjemmeside.dk\/hannes-butik\/hannes-mini-messe-2010\" target=\"_blank\">MINI MESSE i Vejerslev<\/a> i morgen, hvor <a href=\"http:\/\/projektputte.wordpress.com\/\" target=\"_blank\">Projekt Puttet\u00e6pper<\/a> har en stand, hvor vi viser forskellige puttet\u00e6pper, s\u00e6lger m\u00f8nstre og fort\u00e6ller om projektet og alle de t\u00e6pper, der sys til b\u00f8rn p\u00e5 julem\u00e6rkehjem.<\/p>\n<p>Hvis der er nogen, der har f\u00e6rdigsyede blokke eller hele t\u00e6pper, de gerne vil give til PP, er de meget velkomne til at tage dem med! Vi st\u00e5r klar til at tage imod.<\/p>\n<p>Og man kan n\u00e5 at v\u00e6re med til at sy 2010-m\u00f8nsteret, de f\u00e6rdige blokke skal blot afleveres senest 31. januar 2011.<\/p>\n","protected":false},"excerpt":{"rendered":"<p>Blandt de mange, der syr blokke til puttet\u00e6pper, er der is\u00e6r 2 damer, der er meget flittige. Og allerede p\u00e5 Tr\u00e6f i august kom de og afleverede poser fulde af f\u00e6rdigsyede blokke, heriblandt 20 blokke syet efter 2010 m\u00f8nsteret &#8220;Stier &hellip; <a href=\"http:\/\/www.syenlap.dk\/?p=8110\">L\u00e6s resten <span class=\"meta-nav\">&rarr;<\/span><\/a><\/p>\n","protected":false},"author":2,"featured_media":0,"comment_status":"open","ping_status":"open","sticky":false,"template":"","format":"standard","meta":{"footnotes":""},"categories":[1],"tags":[],"class_list":["post-8110","post","type-post","status-publish","format-standard","hentry","category-ikke-kategoriseret"],"_links":{"self":[{"href":"http:\/\/www.syenlap.dk\/index.php?rest_route=\/wp\/v2\/posts\/8110","targetHints":{"allow":["GET"]}}],"collection":[{"href":"http:\/\/www.syenlap.dk\/index.php?rest_route=\/wp\/v2\/posts"}],"about":[{"href":"http:\/\/www.syenlap.dk\/index.php?rest_route=\/wp\/v2\/types\/post"}],"author":[{"embeddable":true,"href":"http:\/\/www.syenlap.dk\/index.php?rest_route=\/wp\/v2\/users\/2"}],"replies":[{"embeddable":true,"href":"http:\/\/www.syenlap.dk\/index.php?rest_route=%2Fwp%2Fv2%2Fcomments&post=8110"}],"version-history":[{"count":0,"href":"http:\/\/www.syenlap.dk\/index.php?rest_route=\/wp\/v2\/posts\/8110\/revisions"}],"wp:attachment":[{"href":"http:\/\/www.syenlap.dk\/index.php?rest_route=%2Fwp%2Fv2%2Fmedia&parent=8110"}],"wp:term":[{"taxonomy":"category","embeddable":true,"href":"http:\/\/www.syenlap.dk\/index.php?rest_route=%2Fwp%2Fv2%2Fcategories&post=8110"},{"taxonomy":"post_tag","embeddable":true,"href":"http:\/\/www.syenlap.dk\/index.php?rest_route=%2Fwp%2Fv2%2Ftags&post=8110"}],"curies":[{"name":"wp","href":"https:\/\/api.w.org\/{rel}","templated":true}]}}