{"id":8124,"date":"2010-10-31T21:01:40","date_gmt":"2010-10-31T19:01:40","guid":{"rendered":"http:\/\/www.syenlap.dk\/?p=8124"},"modified":"2010-10-31T21:01:40","modified_gmt":"2010-10-31T19:01:40","slug":"sk%c3%b8n-og-travl-mini-messe","status":"publish","type":"post","link":"http:\/\/www.syenlap.dk\/?p=8124","title":{"rendered":"Sk\u00f8n og travl MINI MESSE"},"content":{"rendered":"<p>Det var i perioder lige ved at sl\u00e5 benene v\u00e6k under os! Sikke da en succes med den MINI MESSE, trods Kreativ H\u00e5ndarbejdsmesse samtidig i Fredericia. Det vrimlede lige fra kl 10 med patchworkere fra n\u00e6r og fjern. Jeg n\u00e5ede ikke over i HANNE&#8217;s butik f\u00f8r kl 15.00, men jeg har h\u00f8rt, at kunderne stod p\u00e5 nakken af hinanden b\u00e5de der og i teltet med de gode tilbud.<\/p>\n<p><a href=\"http:\/\/www.syenlap.dk\/wp-content\/uploads\/2010\/10\/salen.jpg\" rel=\"lightbox[8124]\"><img loading=\"lazy\" decoding=\"async\" class=\"aligncenter size-full wp-image-8125\" title=\"salen\" src=\"http:\/\/www.syenlap.dk\/wp-content\/uploads\/2010\/10\/salen.jpg\" alt=\"\" width=\"500\" height=\"375\" \/><\/a><\/p>\n<p>Jeg fik ikke taget billeder i salen, f\u00f8r det begyndte at tynde ud! Men jeg har l\u00e5nt et billede af Bjarne:<\/p>\n<p><a href=\"http:\/\/www.syenlap.dk\/wp-content\/uploads\/2010\/10\/HANNES-mini-messe-tr\u00e6ngsel.jpg\" rel=\"lightbox[8124]\"><img loading=\"lazy\" decoding=\"async\" class=\"aligncenter size-full wp-image-8141\" title=\"HANNES-mini-messe tr\u00e6ngsel\" src=\"http:\/\/www.syenlap.dk\/wp-content\/uploads\/2010\/10\/HANNES-mini-messe-tr\u00e6ngsel.jpg\" alt=\"\" width=\"500\" height=\"351\" \/><\/a><\/p>\n<p>Her er et lille udsnit af aktiviteterne:<\/p>\n<p><a href=\"http:\/\/www.syenlap.dk\/wp-content\/uploads\/2010\/10\/puttebod2.jpg\" rel=\"lightbox[8124]\"><img loading=\"lazy\" decoding=\"async\" class=\"aligncenter size-full wp-image-8126\" title=\"puttebod2\" src=\"http:\/\/www.syenlap.dk\/wp-content\/uploads\/2010\/10\/puttebod2.jpg\" alt=\"\" width=\"500\" height=\"410\" \/><\/a><\/p>\n<p>Puttet\u00e6ppeboden f\u00f8r \u00e5bning<\/p>\n<p><a href=\"http:\/\/www.syenlap.dk\/wp-content\/uploads\/2010\/10\/quilt-pink.jpg\" rel=\"lightbox[8124]\"><img loading=\"lazy\" decoding=\"async\" class=\"aligncenter size-full wp-image-8127\" title=\"quilt pink\" src=\"http:\/\/www.syenlap.dk\/wp-content\/uploads\/2010\/10\/quilt-pink.jpg\" alt=\"\" width=\"500\" height=\"405\" \/><\/a><\/p>\n<p>Quilt Pink<\/p>\n<p><a href=\"http:\/\/www.syenlap.dk\/wp-content\/uploads\/2010\/10\/kurve.jpg\" rel=\"lightbox[8124]\"><img loading=\"lazy\" decoding=\"async\" class=\"aligncenter size-full wp-image-8128\" title=\"kurve\" src=\"http:\/\/www.syenlap.dk\/wp-content\/uploads\/2010\/10\/kurve.jpg\" alt=\"\" width=\"500\" height=\"521\" \/><\/a><\/p>\n<p>Lisbeths kurve syet p\u00e5 t\u00f8rresnor<\/p>\n<p><a href=\"http:\/\/www.syenlap.dk\/wp-content\/uploads\/2010\/10\/kirsten-grymer-hjertejulekalender.jpg\" rel=\"lightbox[8124]\"><img loading=\"lazy\" decoding=\"async\" class=\"aligncenter size-full wp-image-8129\" title=\"kirsten grymer hjertejulekalender\" src=\"http:\/\/www.syenlap.dk\/wp-content\/uploads\/2010\/10\/kirsten-grymer-hjertejulekalender.jpg\" alt=\"\" width=\"500\" height=\"646\" \/><\/a><\/p>\n<p>Kirstens mini-julekalender med bitte sm\u00e5 filthjerter<\/p>\n<p><a href=\"http:\/\/www.syenlap.dk\/wp-content\/uploads\/2010\/10\/sykurven2.jpg\" rel=\"lightbox[8124]\"><img loading=\"lazy\" decoding=\"async\" class=\"aligncenter size-full wp-image-8130\" title=\"sykurven2\" src=\"http:\/\/www.syenlap.dk\/wp-content\/uploads\/2010\/10\/sykurven2.jpg\" alt=\"\" width=\"500\" height=\"609\" \/><\/a><\/p>\n<p>Sykurvens flotte t\u00e6pper og ting<\/p>\n<p><a href=\"http:\/\/www.syenlap.dk\/wp-content\/uploads\/2010\/10\/sykurven.jpg\" rel=\"lightbox[8124]\"><img loading=\"lazy\" decoding=\"async\" class=\"aligncenter size-full wp-image-8131\" title=\"sykurven\" src=\"http:\/\/www.syenlap.dk\/wp-content\/uploads\/2010\/10\/sykurven.jpg\" alt=\"\" width=\"500\" height=\"412\" \/><\/a><\/p>\n<p>Inger -Helene havde en s\u00e6rudstilling:<\/p>\n<p><a href=\"http:\/\/www.syenlap.dk\/wp-content\/uploads\/2010\/10\/HANNES-minimesse-inger-helenes-udst.jpg\" rel=\"lightbox[8124]\"><img loading=\"lazy\" decoding=\"async\" class=\"aligncenter size-full wp-image-8144\" title=\"HANNES-minimesse-inger helenes udst\" src=\"http:\/\/www.syenlap.dk\/wp-content\/uploads\/2010\/10\/HANNES-minimesse-inger-helenes-udst.jpg\" alt=\"\" width=\"500\" height=\"313\" \/><\/a><\/p>\n<p>Her er lidt af den:<\/p>\n<p><a href=\"http:\/\/www.syenlap.dk\/wp-content\/uploads\/2010\/10\/inge-helenes-gr\u00f8nne-t\u00e6ppe.jpg\" rel=\"lightbox[8124]\"><img loading=\"lazy\" decoding=\"async\" class=\"aligncenter size-full wp-image-8132\" title=\"inge helenes gr\u00f8nne t\u00e6ppe\" src=\"http:\/\/www.syenlap.dk\/wp-content\/uploads\/2010\/10\/inge-helenes-gr\u00f8nne-t\u00e6ppe.jpg\" alt=\"\" width=\"500\" height=\"614\" \/><\/a><\/p>\n<p>Et af de meget smukke t\u00e6pper.<\/p>\n<p><a href=\"http:\/\/www.syenlap.dk\/wp-content\/uploads\/2010\/10\/inge-helenes-julerier.jpg\" rel=\"lightbox[8124]\"><img loading=\"lazy\" decoding=\"async\" class=\"aligncenter size-full wp-image-8133\" title=\"inge helenes julerier\" src=\"http:\/\/www.syenlap.dk\/wp-content\/uploads\/2010\/10\/inge-helenes-julerier.jpg\" alt=\"\" width=\"500\" height=\"634\" \/><\/a><\/p>\n<p>Jule-patchwork<\/p>\n<p><a href=\"http:\/\/www.syenlap.dk\/wp-content\/uploads\/2010\/10\/inge-helene-baby-t\u00e6ppe.jpg\" rel=\"lightbox[8124]\"><img loading=\"lazy\" decoding=\"async\" class=\"aligncenter size-full wp-image-8137\" title=\"inge helene baby t\u00e6ppe\" src=\"http:\/\/www.syenlap.dk\/wp-content\/uploads\/2010\/10\/inge-helene-baby-t\u00e6ppe.jpg\" alt=\"\" width=\"500\" height=\"541\" \/><\/a><\/p>\n<p>Babyt\u00e6ppe af skjorter<\/p>\n<p><a href=\"http:\/\/www.syenlap.dk\/wp-content\/uploads\/2010\/10\/inge-helenes-taske-2.jpg\" rel=\"lightbox[8124]\"><img loading=\"lazy\" decoding=\"async\" class=\"aligncenter size-full wp-image-8134\" title=\"inge helenes taske 2\" src=\"http:\/\/www.syenlap.dk\/wp-content\/uploads\/2010\/10\/inge-helenes-taske-2.jpg\" alt=\"\" width=\"500\" height=\"693\" \/><\/a><\/p>\n<p>En af de fine tasker<\/p>\n<p><a href=\"http:\/\/www.syenlap.dk\/wp-content\/uploads\/2010\/10\/puttebod.jpg\" rel=\"lightbox[8124]\"><img loading=\"lazy\" decoding=\"async\" class=\"aligncenter size-full wp-image-8135\" title=\"puttebod\" src=\"http:\/\/www.syenlap.dk\/wp-content\/uploads\/2010\/10\/puttebod.jpg\" alt=\"\" width=\"500\" height=\"375\" \/><\/a><\/p>\n<p>Og et par tr\u00e6tte t\u00e6ppetanter, der solgte mange m\u00f8nstre (utroligt, n\u00e5r vi har solgt 2010-m\u00f8nsteret siden marts), modtog endnu flere f\u00e6rdige blokke, 3 UFO-toppe til montering, stof til bagsider og..<\/p>\n<p><a href=\"http:\/\/www.syenlap.dk\/wp-content\/uploads\/2010\/10\/ufo.jpg\" rel=\"lightbox[8124]\"><img loading=\"lazy\" decoding=\"async\" class=\"aligncenter size-full wp-image-8136\" title=\"ufo\" src=\"http:\/\/www.syenlap.dk\/wp-content\/uploads\/2010\/10\/ufo.jpg\" alt=\"\" width=\"500\" height=\"372\" \/><\/a><\/p>\n<p>..et flot t\u00e6ppe, som skal f\u00e6rdig-h\u00e5ndquiltes, men s\u00e5 bliver der ogs\u00e5 et stort, fint puttet\u00e6ppe &#8211; det skal vi nok klare. Vi bliver aldrig arbejdsl\u00f8se!<\/p>\n<p>Tak for alle bidrag til <a href=\"http:\/\/puttetaepper.dk\" target=\"_blank\">Projekt Puttet\u00e6pper<\/a>!<\/p>\n","protected":false},"excerpt":{"rendered":"<p>Det var i perioder lige ved at sl\u00e5 benene v\u00e6k under os! Sikke da en succes med den MINI MESSE, trods Kreativ H\u00e5ndarbejdsmesse samtidig i Fredericia. Det vrimlede lige fra kl 10 med patchworkere fra n\u00e6r og fjern. Jeg n\u00e5ede &hellip; <a href=\"http:\/\/www.syenlap.dk\/?p=8124\">L\u00e6s resten <span class=\"meta-nav\">&rarr;<\/span><\/a><\/p>\n","protected":false},"author":2,"featured_media":0,"comment_status":"open","ping_status":"open","sticky":false,"template":"","format":"standard","meta":{"footnotes":""},"categories":[12,15],"tags":[52],"class_list":["post-8124","post","type-post","status-publish","format-standard","hentry","category-oplevelser","category-patchwork","tag-puttetpper-til-julemrkehjem"],"_links":{"self":[{"href":"http:\/\/www.syenlap.dk\/index.php?rest_route=\/wp\/v2\/posts\/8124","targetHints":{"allow":["GET"]}}],"collection":[{"href":"http:\/\/www.syenlap.dk\/index.php?rest_route=\/wp\/v2\/posts"}],"about":[{"href":"http:\/\/www.syenlap.dk\/index.php?rest_route=\/wp\/v2\/types\/post"}],"author":[{"embeddable":true,"href":"http:\/\/www.syenlap.dk\/index.php?rest_route=\/wp\/v2\/users\/2"}],"replies":[{"embeddable":true,"href":"http:\/\/www.syenlap.dk\/index.php?rest_route=%2Fwp%2Fv2%2Fcomments&post=8124"}],"version-history":[{"count":0,"href":"http:\/\/www.syenlap.dk\/index.php?rest_route=\/wp\/v2\/posts\/8124\/revisions"}],"wp:attachment":[{"href":"http:\/\/www.syenlap.dk\/index.php?rest_route=%2Fwp%2Fv2%2Fmedia&parent=8124"}],"wp:term":[{"taxonomy":"category","embeddable":true,"href":"http:\/\/www.syenlap.dk\/index.php?rest_route=%2Fwp%2Fv2%2Fcategories&post=8124"},{"taxonomy":"post_tag","embeddable":true,"href":"http:\/\/www.syenlap.dk\/index.php?rest_route=%2Fwp%2Fv2%2Ftags&post=8124"}],"curies":[{"name":"wp","href":"https:\/\/api.w.org\/{rel}","templated":true}]}}