{"id":8471,"date":"2010-12-03T09:23:41","date_gmt":"2010-12-03T07:23:41","guid":{"rendered":"http:\/\/www.syenlap.dk\/?p=8471"},"modified":"2010-12-03T09:23:41","modified_gmt":"2010-12-03T07:23:41","slug":"det-er-virkelig-perfekt-hvis-jeg-selv-ma-skal-sige-det","status":"publish","type":"post","link":"http:\/\/www.syenlap.dk\/?p=8471","title":{"rendered":"Det er virkelig perfekt &#8211; hvis jeg selv m\u00e5 skal sige det!"},"content":{"rendered":"<p>Jeg er ikke faldet helt ned endnu, jeg kan m\u00e6rke det i kroppen! Men jeg er S\u00c5 glad for det t\u00e6ppe..<\/p>\n<p><a href=\"http:\/\/www.syenlap.dk\/wp-content\/uploads\/2010\/12\/ellys-senget\u00e6ppe-seng.jpg\" rel=\"lightbox[8471]\"><img loading=\"lazy\" decoding=\"async\" class=\"aligncenter size-full wp-image-8472\" title=\"ellys senget\u00e6ppe seng\" src=\"http:\/\/www.syenlap.dk\/wp-content\/uploads\/2010\/12\/ellys-senget\u00e6ppe-seng.jpg\" alt=\"\" width=\"500\" height=\"375\" \/><\/a><\/p>\n<p>..som passer s\u00e5 flot til sovev\u00e6relset og dets bl\u00e5 farver.<\/p>\n<p><a href=\"http:\/\/www.syenlap.dk\/wp-content\/uploads\/2010\/12\/ellys-senget\u00e6ppe-gavl.jpg\" rel=\"lightbox[8471]\"><img loading=\"lazy\" decoding=\"async\" class=\"aligncenter size-full wp-image-8488\" title=\"ellys senget\u00e6ppe gavl\" src=\"http:\/\/www.syenlap.dk\/wp-content\/uploads\/2010\/12\/ellys-senget\u00e6ppe-gavl.jpg\" alt=\"\" width=\"500\" height=\"666\" \/><\/a><\/p>\n<p><a href=\"http:\/\/www.syenlap.dk\/wp-content\/uploads\/2010\/12\/ellys-senget\u00e6ppe-vindue.jpg\" rel=\"lightbox[8471]\"><\/a><\/p>\n<p>Elly var selv med til v\u00e6lge m\u00f8nster og farver, og da havde jeg det <a href=\"http:\/\/www.kludekoner.dk\/forside.php?ssprog=dansk&amp;&amp;vispic=4296\" target=\"_blank\">t\u00e6ppe<\/a> med, som jeg var ved at sy til auktionen over puttet\u00e6pper sammen med andre forslag, men Elly var ikke i tvivl, selv om puttet\u00e6ppet var under \u00bd s\u00e5 stort.<\/p>\n<p><a href=\"http:\/\/www.syenlap.dk\/wp-content\/uploads\/2010\/12\/ellys-senget\u00e6ppe-gavl2.jpg\" rel=\"lightbox[8471]\"><img loading=\"lazy\" decoding=\"async\" class=\"aligncenter size-full wp-image-8475\" title=\"ellys senget\u00e6ppe gavl2\" src=\"http:\/\/www.syenlap.dk\/wp-content\/uploads\/2010\/12\/ellys-senget\u00e6ppe-gavl2.jpg\" alt=\"\" width=\"500\" height=\"375\" \/><\/a><\/p>\n<p>Det var vigtigt, at det kunne n\u00e5 ned over madrassen b\u00e5de i siderne og i fodenden, trods den smukke sengegavl.<\/p>\n<p><a href=\"http:\/\/www.syenlap.dk\/wp-content\/uploads\/2010\/12\/ellys-senget\u00e6ppe-vindue1.jpg\" rel=\"lightbox[8471]\"><img loading=\"lazy\" decoding=\"async\" class=\"aligncenter size-full wp-image-8476\" title=\"ellys senget\u00e6ppe vindue\" src=\"http:\/\/www.syenlap.dk\/wp-content\/uploads\/2010\/12\/ellys-senget\u00e6ppe-vindue1.jpg\" alt=\"\" width=\"500\" height=\"375\" \/><\/a><\/p>\n<p>Og farverne er perfekte til de bl\u00e5 farver i gardiner og billeder.<\/p>\n<p><a href=\"http:\/\/www.syenlap.dk\/wp-content\/uploads\/2010\/12\/ellys-senget\u00e6ppe.jpg\" rel=\"lightbox[8471]\"><img loading=\"lazy\" decoding=\"async\" class=\"aligncenter size-full wp-image-8477\" title=\"ellys senget\u00e6ppe\" src=\"http:\/\/www.syenlap.dk\/wp-content\/uploads\/2010\/12\/ellys-senget\u00e6ppe.jpg\" alt=\"\" width=\"500\" height=\"474\" \/><\/a><\/p>\n<p>Jeg havde t\u00e6ppet med til julefrokost p\u00e5 S\u00f8nderg\u00e5rden, hvor nogle fra patchworkholdet hjalp mig med at f\u00e5 det fotograferet (i et\u00a0tomt lokale!)\u00a0&#8211; de m\u00e5tte op p\u00e5 2 stole og have armene strakt helt ud for at kunne vise hele t\u00e6ppet!<\/p>\n<p><a href=\"http:\/\/www.syenlap.dk\/wp-content\/uploads\/2010\/12\/ellys-senget\u00e6ppe-detail1.jpg\" rel=\"lightbox[8471]\"><img loading=\"lazy\" decoding=\"async\" class=\"aligncenter size-full wp-image-8478\" title=\"ellys senget\u00e6ppe detail1\" src=\"http:\/\/www.syenlap.dk\/wp-content\/uploads\/2010\/12\/ellys-senget\u00e6ppe-detail1.jpg\" alt=\"\" width=\"500\" height=\"494\" \/><\/a><\/p>\n<p>Det oprindelige m\u00f8nster er af Bettina Andersen, <a href=\"http:\/\/www.kludekoner.dk\/forside.php?ssprog=dansk&amp;&amp;vispic=99\" target=\"_blank\">i denne st\u00f8rrelse<\/a>, som jeg\u00a0s\u00e5 har arbejdet videre med med tilladelse fra Bettina Andersen.<\/p>\n<p><a href=\"http:\/\/www.syenlap.dk\/wp-content\/uploads\/2010\/12\/ellys-senget\u00e6ppe-detail2.jpg\" rel=\"lightbox[8471]\"><img loading=\"lazy\" decoding=\"async\" class=\"aligncenter size-full wp-image-8479\" title=\"ellys senget\u00e6ppe detail2\" src=\"http:\/\/www.syenlap.dk\/wp-content\/uploads\/2010\/12\/ellys-senget\u00e6ppe-detail2.jpg\" alt=\"\" width=\"500\" height=\"500\" \/><\/a><\/p>\n<p>Men hendes id\u00e9 med denne figur i japansk foldeteknik har jeg bevaret.<\/p>\n<p><a href=\"http:\/\/www.syenlap.dk\/wp-content\/uploads\/2010\/12\/ellys-senget\u00e6ppe-bagside.jpg\" rel=\"lightbox[8471]\"><img loading=\"lazy\" decoding=\"async\" class=\"aligncenter size-full wp-image-8480\" title=\"ellys senget\u00e6ppe bagside\" src=\"http:\/\/www.syenlap.dk\/wp-content\/uploads\/2010\/12\/ellys-senget\u00e6ppe-bagside.jpg\" alt=\"\" width=\"500\" height=\"476\" \/><\/a><\/p>\n<p>Og s\u00e5 g\u00f8r det jo heller ikke noget, at m\u00f8nsteret giver en smuk bagside! Min svoger siger, at n\u00e5r han reder seng, vender han bagsiden op p\u00e5 <a href=\"http:\/\/www.kludekoner.dk\/forside.php?ssprog=dansk&amp;&amp;vispic=77\" target=\"_blank\">det senget\u00e6ppe<\/a>, som var det allerf\u00f8rste, jeg overhovedet syede i 1996, da de holdt &#8220;S\u00f8lvsmedegilde&#8221;. Det har de oprindelige farver fra Bettina&#8217;s m\u00f8nster, ligesom <a href=\"http:\/\/www.kludekoner.dk\/forside.php?ssprog=dansk&amp;&amp;vispic=438\" target=\"_blank\">mit eget senget\u00e6ppe<\/a>. Men jeg synes ogs\u00e5, de st\u00e6rkere farver kl\u00e6der m\u00f8nsteret, som kan k\u00f8bes hos <a href=\"http:\/\/hanneshjemmeside.dk\/\" target=\"_blank\">HANNE&#8217;s patchworkbutik<\/a> som trin-for-trin-m\u00f8nster.<\/p>\n<p>Det har v\u00e6ret h\u00e5rdt, fordi jeg syede det f\u00e6rdigt p\u00e5 omkring 3 uger mindre end aftalt, men p\u00e5 den anden side er jeg ogs\u00e5 glad for, at jeg nu kan lave noget andet.<\/p>\n<p>Og modtageren blev selvf\u00f8lgelig super glad!<\/p>\n","protected":false},"excerpt":{"rendered":"<p>Jeg er ikke faldet helt ned endnu, jeg kan m\u00e6rke det i kroppen! Men jeg er S\u00c5 glad for det t\u00e6ppe.. ..som passer s\u00e5 flot til sovev\u00e6relset og dets bl\u00e5 farver. Elly var selv med til v\u00e6lge m\u00f8nster og farver, &hellip; <a href=\"http:\/\/www.syenlap.dk\/?p=8471\">L\u00e6s resten <span class=\"meta-nav\">&rarr;<\/span><\/a><\/p>\n","protected":false},"author":2,"featured_media":0,"comment_status":"open","ping_status":"open","sticky":false,"template":"","format":"standard","meta":{"footnotes":""},"categories":[1],"tags":[],"class_list":["post-8471","post","type-post","status-publish","format-standard","hentry","category-ikke-kategoriseret"],"_links":{"self":[{"href":"http:\/\/www.syenlap.dk\/index.php?rest_route=\/wp\/v2\/posts\/8471","targetHints":{"allow":["GET"]}}],"collection":[{"href":"http:\/\/www.syenlap.dk\/index.php?rest_route=\/wp\/v2\/posts"}],"about":[{"href":"http:\/\/www.syenlap.dk\/index.php?rest_route=\/wp\/v2\/types\/post"}],"author":[{"embeddable":true,"href":"http:\/\/www.syenlap.dk\/index.php?rest_route=\/wp\/v2\/users\/2"}],"replies":[{"embeddable":true,"href":"http:\/\/www.syenlap.dk\/index.php?rest_route=%2Fwp%2Fv2%2Fcomments&post=8471"}],"version-history":[{"count":0,"href":"http:\/\/www.syenlap.dk\/index.php?rest_route=\/wp\/v2\/posts\/8471\/revisions"}],"wp:attachment":[{"href":"http:\/\/www.syenlap.dk\/index.php?rest_route=%2Fwp%2Fv2%2Fmedia&parent=8471"}],"wp:term":[{"taxonomy":"category","embeddable":true,"href":"http:\/\/www.syenlap.dk\/index.php?rest_route=%2Fwp%2Fv2%2Fcategories&post=8471"},{"taxonomy":"post_tag","embeddable":true,"href":"http:\/\/www.syenlap.dk\/index.php?rest_route=%2Fwp%2Fv2%2Ftags&post=8471"}],"curies":[{"name":"wp","href":"https:\/\/api.w.org\/{rel}","templated":true}]}}