{"id":9614,"date":"2011-03-14T20:26:14","date_gmt":"2011-03-14T18:26:14","guid":{"rendered":"http:\/\/www.syenlap.dk\/?p=9614"},"modified":"2011-03-14T20:26:14","modified_gmt":"2011-03-14T18:26:14","slug":"sygehus-eller-hjemme","status":"publish","type":"post","link":"http:\/\/www.syenlap.dk\/?p=9614","title":{"rendered":"Sygehus eller hjemme?"},"content":{"rendered":"<p>Med henvisning til mit sidste indl\u00e6g om, hvor man \u00f8nsker sig at d\u00f8, er jeg ked af, hvis det kommer til at se ud som om, jeg mener, det er mindre v\u00e6rdigt at d\u00f8 p\u00e5 sygehus end derhjemme!<\/p>\n<p>Jeg er fuldt bevidst om, at det i mange sygdomstilf\u00e6lde slet ikke er muligt at blive hjemme &#8211; det kan v\u00e6re s\u00e5vel behandlingsm\u00e6ssigt som fysisk umuligt af mange forskellige grunde. Og jeg er helt sikker p\u00e5, at det kan v\u00e6re en god oplevelse og en god behandling, man f\u00e5r p\u00e5 et sygehus. Ikke mindst, hvis man f\u00e5r mulighed for at f\u00e5 ophold p\u00e5 et hospice.<\/p>\n<p>Det var en af de muligheder, vi havde dr\u00f8ftet for S\u00f8ren, man ved jo ikke, hvordan det vil g\u00e5, og vi havde netop f\u00e5 \u00e5r forinden mistet en meget god ven, som tilbragte den sidste tid p\u00e5 hospice efter et langvarigt sygdomsforl\u00f8b derhjemme, og vidste derfor, hvor godt man har det p\u00e5 hospice.<\/p>\n<p>Det blev ikke aktuelt for S\u00f8ren p\u00e5 grund af den relativt hurtige udvikling i hans sygdom til sidst.<\/p>\n<p>Men jeg synes ogs\u00e5, at den behandling, han fik p\u00e5 sygehuset i Randers, var meget omsorgsfuld og k\u00e6rlig. Og sygeplejepersonalet var meget opm\u00e6rksom overfor b\u00e5de ham og mig. Det var s\u00e5 ogs\u00e5 deres faglighed, der s\u00e5 det n\u00e6rme sig lige pludselig, det s\u00e5 jeg ikke.<\/p>\n<p>Men jeg ser p\u00e5 det p\u00e5 den m\u00e5de, at hvor det i mange \u00e5r var sygehuset, der blev sidste station for mange, s\u00e5 er mulighederne for at v\u00e6re hjemme, selv om man er alvorligt syg, blevet bedre. Hj\u00e6lpemidler kan installeres, hjemmeplejen er udbygget, palliativ ekspertise bliver inddraget, og n\u00e6rmeste familie kan s\u00f8ge plejeorlov. Det giver nogle muligheder, som ikke var til stede f\u00f8r. Og dermed kan mange f\u00e5 deres og familiens sidste \u00f8nske opfyldt.<\/p>\n<p>Og det, synes jeg, er vigitgt.<\/p>\n","protected":false},"excerpt":{"rendered":"<p>Med henvisning til mit sidste indl\u00e6g om, hvor man \u00f8nsker sig at d\u00f8, er jeg ked af, hvis det kommer til at se ud som om, jeg mener, det er mindre v\u00e6rdigt at d\u00f8 p\u00e5 sygehus end derhjemme! Jeg er &hellip; <a href=\"http:\/\/www.syenlap.dk\/?p=9614\">L\u00e6s resten <span class=\"meta-nav\">&rarr;<\/span><\/a><\/p>\n","protected":false},"author":2,"featured_media":0,"comment_status":"open","ping_status":"open","sticky":false,"template":"","format":"standard","meta":{"footnotes":""},"categories":[5,18],"tags":[],"class_list":["post-9614","post","type-post","status-publish","format-standard","hentry","category-familien","category-vores-samfund"],"_links":{"self":[{"href":"http:\/\/www.syenlap.dk\/index.php?rest_route=\/wp\/v2\/posts\/9614","targetHints":{"allow":["GET"]}}],"collection":[{"href":"http:\/\/www.syenlap.dk\/index.php?rest_route=\/wp\/v2\/posts"}],"about":[{"href":"http:\/\/www.syenlap.dk\/index.php?rest_route=\/wp\/v2\/types\/post"}],"author":[{"embeddable":true,"href":"http:\/\/www.syenlap.dk\/index.php?rest_route=\/wp\/v2\/users\/2"}],"replies":[{"embeddable":true,"href":"http:\/\/www.syenlap.dk\/index.php?rest_route=%2Fwp%2Fv2%2Fcomments&post=9614"}],"version-history":[{"count":0,"href":"http:\/\/www.syenlap.dk\/index.php?rest_route=\/wp\/v2\/posts\/9614\/revisions"}],"wp:attachment":[{"href":"http:\/\/www.syenlap.dk\/index.php?rest_route=%2Fwp%2Fv2%2Fmedia&parent=9614"}],"wp:term":[{"taxonomy":"category","embeddable":true,"href":"http:\/\/www.syenlap.dk\/index.php?rest_route=%2Fwp%2Fv2%2Fcategories&post=9614"},{"taxonomy":"post_tag","embeddable":true,"href":"http:\/\/www.syenlap.dk\/index.php?rest_route=%2Fwp%2Fv2%2Ftags&post=9614"}],"curies":[{"name":"wp","href":"https:\/\/api.w.org\/{rel}","templated":true}]}}