{"id":9750,"date":"2011-03-26T21:33:31","date_gmt":"2011-03-26T19:33:31","guid":{"rendered":"http:\/\/www.syenlap.dk\/?p=9750"},"modified":"2011-03-26T21:33:31","modified_gmt":"2011-03-26T19:33:31","slug":"handarbejdsmessen-i-lilleb%c3%a6lthallerne","status":"publish","type":"post","link":"http:\/\/www.syenlap.dk\/?p=9750","title":{"rendered":"H\u00e5ndarbejdsmessen i Lilleb\u00e6lthallerne"},"content":{"rendered":"<p>Tr\u00e6t i benene, men en god oplevelse rigere efter bes\u00f8g i LIlleb\u00e6lthallerne, hvor <a href=\"http:\/\/www.haandarbejdsbladet.dk\/Messe\/L2011\/Default.htm\" target=\"_blank\">H\u00e5ndarbejdsmessen<\/a> finder sted i denne weekend.<\/p>\n<p>Jeg synes, det er sv\u00e6rt at orientere sig p\u00e5 s\u00e5dan en stor messe, der str\u00e6kker sig over 3 haller, s\u00e5 jeg var rundt flere gange &#8211; og man ser hele tiden noget nyt.<\/p>\n<p>Da jeg ikke gad mere, ringede jeg til svigerdatteren i Fredericia og spurgte, om hun gav en kop kaffe &#8211; og jeg var s\u00e5 heldig, at hun lige var kommet hjem fra arbejde, og\u00a0Christian\u00a0var ved at bage den gode \u00e6blet\u00e6rte til kaffen!<\/p>\n<p>Jeg skulle jo ikke k\u00f8be noget p\u00e5 messen! Men (da jeg nu hverken ryger eller drikker!!) s\u00e5 er her, hvad jeg kom hjem med:<\/p>\n<p><a href=\"http:\/\/www.syenlap.dk\/wp-content\/uploads\/2011\/03\/260311-indk\u00f8b.jpg\" rel=\"lightbox[9750]\"><img loading=\"lazy\" decoding=\"async\" class=\"aligncenter size-full wp-image-9751\" title=\"260311 indk\u00f8b\" src=\"http:\/\/www.syenlap.dk\/wp-content\/uploads\/2011\/03\/260311-indk\u00f8b.jpg\" alt=\"\" width=\"500\" height=\"775\" \/><\/a><\/p>\n<p><a href=\"http:\/\/www.syenlap.dk\/wp-content\/uploads\/2011\/03\/260311-KF-bog1.jpg\" rel=\"lightbox[9750]\"><img loading=\"lazy\" decoding=\"async\" class=\"aligncenter size-full wp-image-9757\" title=\"260311 KF bog\" src=\"http:\/\/www.syenlap.dk\/wp-content\/uploads\/2011\/03\/260311-KF-bog1.jpg\" alt=\"\" width=\"500\" height=\"608\" \/><\/a><a href=\"http:\/\/www.syenlap.dk\/wp-content\/uploads\/2011\/03\/260311-KF-bog.jpg\" rel=\"lightbox[9750]\"><\/a><\/p>\n<p>Denne Kaffe Fassett bog har jeg l\u00e6nge haft kig p\u00e5, og mens den \u00e9t sted kostede over 200 kr, var der messetilbud p\u00e5 den et andet sted, s\u00e5 jeg fik den for 99 kr!<\/p>\n<p><a href=\"http:\/\/www.syenlap.dk\/wp-content\/uploads\/2011\/03\/260311-taske.jpg\" rel=\"lightbox[9750]\"><img loading=\"lazy\" decoding=\"async\" class=\"aligncenter size-full wp-image-9753\" title=\"260311 taske\" src=\"http:\/\/www.syenlap.dk\/wp-content\/uploads\/2011\/03\/260311-taske.jpg\" alt=\"\" width=\"500\" height=\"598\" \/><\/a><\/p>\n<p>Den taske fra <a href=\"http:\/\/quilteshoppen.dk\" target=\"_blank\">Quiltshoppen<\/a> i Juelsminde faldt jeg fuldst\u00e6ndig for, den f\u00e5s i 2 str., jeg k\u00f8bte den lille, og alt er med i kittet, selv volumenflies og en knap! Det bliver sjovt at pr\u00f8ve.<\/p>\n<p><a href=\"http:\/\/www.syenlap.dk\/wp-content\/uploads\/2011\/03\/260311-stof.jpg\" rel=\"lightbox[9750]\"><img loading=\"lazy\" decoding=\"async\" class=\"aligncenter size-full wp-image-9754\" title=\"260311 stof\" src=\"http:\/\/www.syenlap.dk\/wp-content\/uploads\/2011\/03\/260311-stof.jpg\" alt=\"\" width=\"500\" height=\"593\" \/><\/a><\/p>\n<p>Jeg er ved at samle stof til 2 babyt\u00e6pper til tvillingepiger, s\u00e5 her et bidrag.<\/p>\n<p><a href=\"http:\/\/www.syenlap.dk\/wp-content\/uploads\/2011\/03\/260311-puder.jpg\" rel=\"lightbox[9750]\"><img loading=\"lazy\" decoding=\"async\" class=\"aligncenter size-full wp-image-9755\" title=\"260311 puder\" src=\"http:\/\/www.syenlap.dk\/wp-content\/uploads\/2011\/03\/260311-puder.jpg\" alt=\"\" width=\"500\" height=\"498\" \/><\/a><\/p>\n<p>Jeg tr\u00e6nger til nye puder.<\/p>\n<p><a href=\"http:\/\/www.syenlap.dk\/wp-content\/uploads\/2011\/03\/260311-HF-kit.jpg\" rel=\"lightbox[9750]\"><img loading=\"lazy\" decoding=\"async\" class=\"aligncenter size-full wp-image-9756\" title=\"260311 HF kit\" src=\"http:\/\/www.syenlap.dk\/wp-content\/uploads\/2011\/03\/260311-HF-kit.jpg\" alt=\"\" width=\"500\" height=\"721\" \/><\/a><\/p>\n<p>Og rosinen i &#8220;strikke\/quilte-enden&#8221; er alts\u00e5 et <a href=\"http:\/\/www.knit.dk\/patent.htm\" target=\"_blank\">Hanne Falkenberg kit &#8220;Patent&#8221;<\/a> til en sk\u00f8n tr\u00f8je! Der var messerabat p\u00e5. Jeg gl\u00e6der mig!<\/p>\n","protected":false},"excerpt":{"rendered":"<p>Tr\u00e6t i benene, men en god oplevelse rigere efter bes\u00f8g i LIlleb\u00e6lthallerne, hvor H\u00e5ndarbejdsmessen finder sted i denne weekend. Jeg synes, det er sv\u00e6rt at orientere sig p\u00e5 s\u00e5dan en stor messe, der str\u00e6kker sig over 3 haller, s\u00e5 jeg &hellip; <a href=\"http:\/\/www.syenlap.dk\/?p=9750\">L\u00e6s resten <span class=\"meta-nav\">&rarr;<\/span><\/a><\/p>\n","protected":false},"author":2,"featured_media":0,"comment_status":"open","ping_status":"open","sticky":false,"template":"","format":"standard","meta":{"footnotes":""},"categories":[7,15,16],"tags":[],"class_list":["post-9750","post","type-post","status-publish","format-standard","hentry","category-glder-og-sorger","category-patchwork","category-strik"],"_links":{"self":[{"href":"http:\/\/www.syenlap.dk\/index.php?rest_route=\/wp\/v2\/posts\/9750","targetHints":{"allow":["GET"]}}],"collection":[{"href":"http:\/\/www.syenlap.dk\/index.php?rest_route=\/wp\/v2\/posts"}],"about":[{"href":"http:\/\/www.syenlap.dk\/index.php?rest_route=\/wp\/v2\/types\/post"}],"author":[{"embeddable":true,"href":"http:\/\/www.syenlap.dk\/index.php?rest_route=\/wp\/v2\/users\/2"}],"replies":[{"embeddable":true,"href":"http:\/\/www.syenlap.dk\/index.php?rest_route=%2Fwp%2Fv2%2Fcomments&post=9750"}],"version-history":[{"count":0,"href":"http:\/\/www.syenlap.dk\/index.php?rest_route=\/wp\/v2\/posts\/9750\/revisions"}],"wp:attachment":[{"href":"http:\/\/www.syenlap.dk\/index.php?rest_route=%2Fwp%2Fv2%2Fmedia&parent=9750"}],"wp:term":[{"taxonomy":"category","embeddable":true,"href":"http:\/\/www.syenlap.dk\/index.php?rest_route=%2Fwp%2Fv2%2Fcategories&post=9750"},{"taxonomy":"post_tag","embeddable":true,"href":"http:\/\/www.syenlap.dk\/index.php?rest_route=%2Fwp%2Fv2%2Ftags&post=9750"}],"curies":[{"name":"wp","href":"https:\/\/api.w.org\/{rel}","templated":true}]}}