{"id":9925,"date":"2011-04-04T19:39:07","date_gmt":"2011-04-04T17:39:07","guid":{"rendered":"http:\/\/www.syenlap.dk\/?p=9925"},"modified":"2011-04-04T19:39:07","modified_gmt":"2011-04-04T17:39:07","slug":"jeg-taber-pusten","status":"publish","type":"post","link":"http:\/\/www.syenlap.dk\/?p=9925","title":{"rendered":"Jeg taber pusten"},"content":{"rendered":"<p>Ja, selv om jeg selv har beg\u00e5et dette, s\u00e5 taber jeg alligevel pusten, n\u00e5r jeg ser de farver og resultatet af sammens\u00e6tningen<\/p>\n<p><a href=\"http:\/\/www.syenlap.dk\/wp-content\/uploads\/2011\/04\/kin-m\u00f8ller-samlet.jpg\" rel=\"lightbox[9925]\"><img loading=\"lazy\" decoding=\"async\" class=\"aligncenter size-full wp-image-9926\" title=\"kin m\u00f8ller samlet\" src=\"http:\/\/www.syenlap.dk\/wp-content\/uploads\/2011\/04\/kin-m\u00f8ller-samlet.jpg\" alt=\"\" width=\"500\" height=\"367\" \/><\/a><\/p>\n<p>Toppen er samlet, det er bagsidestoffet, der ligger under. Der skal &#8220;sandwiches&#8221; med tyndt vat og lukkekant p\u00e5. Det sidste er s\u00e5 quiltningen med perler, knapper eller? Det vil vise sig.<\/p>\n<p>Her taber jeg ogs\u00e5 pusten:<\/p>\n<p><a href=\"http:\/\/www.syenlap.dk\/wp-content\/uploads\/2011\/04\/for\u00e5r.jpg\" rel=\"lightbox[9925]\"><img loading=\"lazy\" decoding=\"async\" class=\"aligncenter size-full wp-image-9927\" title=\"for\u00e5r\" src=\"http:\/\/www.syenlap.dk\/wp-content\/uploads\/2011\/04\/for\u00e5r.jpg\" alt=\"\" width=\"500\" height=\"434\" \/><\/a><\/p>\n<p>NU, lige nu bliver det for\u00e5r!<\/p>\n<p><a href=\"http:\/\/www.syenlap.dk\/wp-content\/uploads\/2011\/04\/scilla.jpg\" rel=\"lightbox[9925]\"><img loading=\"lazy\" decoding=\"async\" class=\"aligncenter size-full wp-image-9928\" title=\"scilla\" src=\"http:\/\/www.syenlap.dk\/wp-content\/uploads\/2011\/04\/scilla.jpg\" alt=\"\" width=\"500\" height=\"375\" \/><\/a><\/p>\n","protected":false},"excerpt":{"rendered":"<p>Ja, selv om jeg selv har beg\u00e5et dette, s\u00e5 taber jeg alligevel pusten, n\u00e5r jeg ser de farver og resultatet af sammens\u00e6tningen Toppen er samlet, det er bagsidestoffet, der ligger under. Der skal &#8220;sandwiches&#8221; med tyndt vat og lukkekant p\u00e5. &hellip; <a href=\"http:\/\/www.syenlap.dk\/?p=9925\">L\u00e6s resten <span class=\"meta-nav\">&rarr;<\/span><\/a><\/p>\n","protected":false},"author":2,"featured_media":0,"comment_status":"open","ping_status":"open","sticky":false,"template":"","format":"standard","meta":{"footnotes":""},"categories":[8,15],"tags":[],"class_list":["post-9925","post","type-post","status-publish","format-standard","hentry","category-haven","category-patchwork"],"_links":{"self":[{"href":"http:\/\/www.syenlap.dk\/index.php?rest_route=\/wp\/v2\/posts\/9925","targetHints":{"allow":["GET"]}}],"collection":[{"href":"http:\/\/www.syenlap.dk\/index.php?rest_route=\/wp\/v2\/posts"}],"about":[{"href":"http:\/\/www.syenlap.dk\/index.php?rest_route=\/wp\/v2\/types\/post"}],"author":[{"embeddable":true,"href":"http:\/\/www.syenlap.dk\/index.php?rest_route=\/wp\/v2\/users\/2"}],"replies":[{"embeddable":true,"href":"http:\/\/www.syenlap.dk\/index.php?rest_route=%2Fwp%2Fv2%2Fcomments&post=9925"}],"version-history":[{"count":0,"href":"http:\/\/www.syenlap.dk\/index.php?rest_route=\/wp\/v2\/posts\/9925\/revisions"}],"wp:attachment":[{"href":"http:\/\/www.syenlap.dk\/index.php?rest_route=%2Fwp%2Fv2%2Fmedia&parent=9925"}],"wp:term":[{"taxonomy":"category","embeddable":true,"href":"http:\/\/www.syenlap.dk\/index.php?rest_route=%2Fwp%2Fv2%2Fcategories&post=9925"},{"taxonomy":"post_tag","embeddable":true,"href":"http:\/\/www.syenlap.dk\/index.php?rest_route=%2Fwp%2Fv2%2Ftags&post=9925"}],"curies":[{"name":"wp","href":"https:\/\/api.w.org\/{rel}","templated":true}]}}