{"id":9942,"date":"2011-04-06T17:31:05","date_gmt":"2011-04-06T15:31:05","guid":{"rendered":"http:\/\/www.syenlap.dk\/?p=9942"},"modified":"2011-04-06T17:31:05","modified_gmt":"2011-04-06T15:31:05","slug":"det-er-godt-jeg-er-med-i-den-ufo-blog","status":"publish","type":"post","link":"http:\/\/www.syenlap.dk\/?p=9942","title":{"rendered":"Det er godt jeg er med i den UFO-blog!"},"content":{"rendered":"<p>Jeg f\u00f8lger godt med i den svensk\/danske UFO-blog\u00a0 <a href=\"http:\/\/12under12under2011.blogspot.com\/\" target=\"_blank\">12under12under2011<\/a>\u00a0&#8211; jeg har f\u00e5et de f\u00f8rste 3 UFO&#8217;er f\u00e6rdige til tiden!<\/p>\n<p><a href=\"http:\/\/www.syenlap.dk\/wp-content\/uploads\/2011\/04\/060411-ufo-HF-blues.jpg\" rel=\"lightbox[9942]\"><img loading=\"lazy\" decoding=\"async\" class=\"aligncenter size-full wp-image-9943\" title=\"060411 ufo HF blues\" src=\"http:\/\/www.syenlap.dk\/wp-content\/uploads\/2011\/04\/060411-ufo-HF-blues.jpg\" alt=\"\" width=\"500\" height=\"508\" \/><\/a><\/p>\n<p>Nu er turen kommet til denne Hanne Falkenberg vest &#8220;Blues&#8221;, som jeg strikkede i august 2008, og s\u00e5 blev den aldrig monteret!<\/p>\n<p>Hvorfor mon? Ja, den blev ikke f\u00e6rdig som planlagt &#8211; <a href=\"http:\/\/www.syenlap.dk\/?p=169\" target=\"_blank\">den skulle strikkes under Olympiaden<\/a> &#8211; og s\u00e5 var der S\u00f8rens sygdom og d\u00f8d, og den blev ikke taget frem.<\/p>\n<p>Nu skal det v\u00e6re! S\u00e5 den er anmeldt som min april UFO!<\/p>\n<p>Jeg er ikke alene om den slags, det kan jeg jo se p\u00e5 den blog, og i dag var der \u00e9n, der fortalte mig, at hun lige havde syet lynl\u00e5s i en ellers f\u00e6rdig tr\u00f8je, som hun havde flyttet fra kurv til kurv i 6 \u00e5r!<\/p>\n","protected":false},"excerpt":{"rendered":"<p>Jeg f\u00f8lger godt med i den svensk\/danske UFO-blog\u00a0 12under12under2011\u00a0&#8211; jeg har f\u00e5et de f\u00f8rste 3 UFO&#8217;er f\u00e6rdige til tiden! Nu er turen kommet til denne Hanne Falkenberg vest &#8220;Blues&#8221;, som jeg strikkede i august 2008, og s\u00e5 blev den aldrig &hellip; <a href=\"http:\/\/www.syenlap.dk\/?p=9942\">L\u00e6s resten <span class=\"meta-nav\">&rarr;<\/span><\/a><\/p>\n","protected":false},"author":2,"featured_media":0,"comment_status":"open","ping_status":"open","sticky":false,"template":"","format":"standard","meta":{"footnotes":""},"categories":[16],"tags":[],"class_list":["post-9942","post","type-post","status-publish","format-standard","hentry","category-strik"],"_links":{"self":[{"href":"http:\/\/www.syenlap.dk\/index.php?rest_route=\/wp\/v2\/posts\/9942","targetHints":{"allow":["GET"]}}],"collection":[{"href":"http:\/\/www.syenlap.dk\/index.php?rest_route=\/wp\/v2\/posts"}],"about":[{"href":"http:\/\/www.syenlap.dk\/index.php?rest_route=\/wp\/v2\/types\/post"}],"author":[{"embeddable":true,"href":"http:\/\/www.syenlap.dk\/index.php?rest_route=\/wp\/v2\/users\/2"}],"replies":[{"embeddable":true,"href":"http:\/\/www.syenlap.dk\/index.php?rest_route=%2Fwp%2Fv2%2Fcomments&post=9942"}],"version-history":[{"count":0,"href":"http:\/\/www.syenlap.dk\/index.php?rest_route=\/wp\/v2\/posts\/9942\/revisions"}],"wp:attachment":[{"href":"http:\/\/www.syenlap.dk\/index.php?rest_route=%2Fwp%2Fv2%2Fmedia&parent=9942"}],"wp:term":[{"taxonomy":"category","embeddable":true,"href":"http:\/\/www.syenlap.dk\/index.php?rest_route=%2Fwp%2Fv2%2Fcategories&post=9942"},{"taxonomy":"post_tag","embeddable":true,"href":"http:\/\/www.syenlap.dk\/index.php?rest_route=%2Fwp%2Fv2%2Ftags&post=9942"}],"curies":[{"name":"wp","href":"https:\/\/api.w.org\/{rel}","templated":true}]}}