{"id":9967,"date":"2011-04-07T15:19:49","date_gmt":"2011-04-07T13:19:49","guid":{"rendered":"http:\/\/www.syenlap.dk\/?p=9967"},"modified":"2011-04-07T15:19:49","modified_gmt":"2011-04-07T13:19:49","slug":"kinesiske-m%c3%b8ller-med-opaler-og-kaffe-fassett","status":"publish","type":"post","link":"http:\/\/www.syenlap.dk\/?p=9967","title":{"rendered":"Kinesiske m\u00f8ller med opaler og Kaffe Fassett"},"content":{"rendered":"<p><a href=\"http:\/\/www.syenlap.dk\/wp-content\/uploads\/2011\/04\/kinesiske-m\u00f8ller-kaffe-fassett.jpg\" rel=\"lightbox[9967]\"><img loading=\"lazy\" decoding=\"async\" class=\"aligncenter size-full wp-image-9968\" title=\"kinesiske m\u00f8ller kaffe fassett\" src=\"http:\/\/www.syenlap.dk\/wp-content\/uploads\/2011\/04\/kinesiske-m\u00f8ller-kaffe-fassett.jpg\" alt=\"\" width=\"500\" height=\"489\" \/><\/a><\/p>\n<p>S\u00e5 blev jeg f\u00e6rdig med mine sidste nye Kinesiske M\u00f8ller i Kaffe Fassett stof og quiltet med sm\u00e5 opaler. Det m\u00e5ler 72 x 72 cm. Stofferne er mest Kaffe Fassetts + en sk\u00f8n lilla silke.<\/p>\n<p><a href=\"http:\/\/www.syenlap.dk\/wp-content\/uploads\/2011\/04\/kinesiske-m\u00f8ller-quiltning.jpg\" rel=\"lightbox[9967]\"><img loading=\"lazy\" decoding=\"async\" class=\"aligncenter size-full wp-image-9969\" title=\"kinesiske m\u00f8ller quiltning\" src=\"http:\/\/www.syenlap.dk\/wp-content\/uploads\/2011\/04\/kinesiske-m\u00f8ller-quiltning.jpg\" alt=\"\" width=\"500\" height=\"474\" \/><\/a><\/p>\n<p>Man kan ogs\u00e5 quilte med knapper, knuder, guldperler, ferskvandsperler eller bare et sting for at holde blokken p\u00e5 plads.<\/p>\n<p>Jeg har valgt sm\u00e5 opal-perler, der changerer i gyldne farver.<\/p>\n<p>V\u00e6gt\u00e6ppet skal udstilles p\u00e5 Sct. Maria Hospice i Vejle i hele maj m\u00e5ned. Jeg blev inviteret til at lave en udstilling, det blev jeg meget glad for, og s\u00e5 synes jeg jo, at der skal noget nyt til.<\/p>\n<p>Jeg tror aldrig, jeg bliver tr\u00e6t af at sy dette m\u00f8nster, der er s\u00e5 uendeligt mange variationsmuligheder.<\/p>\n","protected":false},"excerpt":{"rendered":"<p>S\u00e5 blev jeg f\u00e6rdig med mine sidste nye Kinesiske M\u00f8ller i Kaffe Fassett stof og quiltet med sm\u00e5 opaler. Det m\u00e5ler 72 x 72 cm. Stofferne er mest Kaffe Fassetts + en sk\u00f8n lilla silke. Man kan ogs\u00e5 quilte med &hellip; <a href=\"http:\/\/www.syenlap.dk\/?p=9967\">L\u00e6s resten <span class=\"meta-nav\">&rarr;<\/span><\/a><\/p>\n","protected":false},"author":2,"featured_media":0,"comment_status":"open","ping_status":"open","sticky":false,"template":"","format":"standard","meta":{"footnotes":""},"categories":[15],"tags":[43],"class_list":["post-9967","post","type-post","status-publish","format-standard","hentry","category-patchwork","tag-kinesiske-mller"],"_links":{"self":[{"href":"http:\/\/www.syenlap.dk\/index.php?rest_route=\/wp\/v2\/posts\/9967","targetHints":{"allow":["GET"]}}],"collection":[{"href":"http:\/\/www.syenlap.dk\/index.php?rest_route=\/wp\/v2\/posts"}],"about":[{"href":"http:\/\/www.syenlap.dk\/index.php?rest_route=\/wp\/v2\/types\/post"}],"author":[{"embeddable":true,"href":"http:\/\/www.syenlap.dk\/index.php?rest_route=\/wp\/v2\/users\/2"}],"replies":[{"embeddable":true,"href":"http:\/\/www.syenlap.dk\/index.php?rest_route=%2Fwp%2Fv2%2Fcomments&post=9967"}],"version-history":[{"count":0,"href":"http:\/\/www.syenlap.dk\/index.php?rest_route=\/wp\/v2\/posts\/9967\/revisions"}],"wp:attachment":[{"href":"http:\/\/www.syenlap.dk\/index.php?rest_route=%2Fwp%2Fv2%2Fmedia&parent=9967"}],"wp:term":[{"taxonomy":"category","embeddable":true,"href":"http:\/\/www.syenlap.dk\/index.php?rest_route=%2Fwp%2Fv2%2Fcategories&post=9967"},{"taxonomy":"post_tag","embeddable":true,"href":"http:\/\/www.syenlap.dk\/index.php?rest_route=%2Fwp%2Fv2%2Ftags&post=9967"}],"curies":[{"name":"wp","href":"https:\/\/api.w.org\/{rel}","templated":true}]}}